{"id":6192,"date":"2024-06-26T15:22:54","date_gmt":"2024-06-26T13:22:54","guid":{"rendered":"https:\/\/www.caret.pro\/?p=6192"},"modified":"2024-06-26T15:24:25","modified_gmt":"2024-06-26T13:24:25","slug":"europejczycy-stawiaja-na-uzywane-samochody","status":"publish","type":"post","link":"https:\/\/www.caret.pro\/pl\/blog\/europejczycy-stawiaja-na-uzywane-samochody\/","title":{"rendered":"Europejczycy stawiaj\u0105 na u\u017cywane samochody"},"content":{"rendered":"\n<figure class=\"wp-block-image\"><img loading=\"lazy\" decoding=\"async\" width=\"1200\" height=\"627\" src=\"https:\/\/www.caret.pro\/wp-content\/uploads\/2024\/06\/Projekt-bez-nazwy-2024-06-26T152152.420.jpg\" alt=\"\" class=\"wp-image-6201\" srcset=\"https:\/\/www.caret.pro\/wp-content\/uploads\/2024\/06\/Projekt-bez-nazwy-2024-06-26T152152.420.jpg 1200w, https:\/\/www.caret.pro\/wp-content\/uploads\/2024\/06\/Projekt-bez-nazwy-2024-06-26T152152.420-300x157.jpg 300w, https:\/\/www.caret.pro\/wp-content\/uploads\/2024\/06\/Projekt-bez-nazwy-2024-06-26T152152.420-1024x535.jpg 1024w, https:\/\/www.caret.pro\/wp-content\/uploads\/2024\/06\/Projekt-bez-nazwy-2024-06-26T152152.420-768x401.jpg 768w\" sizes=\"(max-width: 1200px) 100vw, 1200px\" \/><\/figure>\n\n\n\n<p>Francja, Niemcy, W\u0142ochy, Hiszpania i Wielka Brytania &#8211; jedne z najwi\u0119kszych rynk\u00f3w samochod\u00f3w u\u017cywanych w Europie &#8211; odnotowa\u0142y pozytywny pocz\u0105tek 2024 roku. Wzrost popytu na te pojazdy prze\u0142o\u017cy\u0142 si\u0119 na zwi\u0119kszon\u0105 sprzeda\u017c w wielu krajach Starego Kontynentu. Ten trend mo\u017ce sygnalizowa\u0107 rosn\u0105c\u0105 atrakcyjno\u015b\u0107 rynku wt\u00f3rnego w\u015br\u00f3d europejskich konsument\u00f3w, poszukuj\u0105cych bardziej przyst\u0119pnych cenowo opcji mobilno\u015bci. Mo\u017ce r\u00f3wnie\u017c wskazywa\u0107 na zwi\u0119kszaj\u0105c\u0105 si\u0119 \u015bwiadomo\u015b\u0107 ekologiczn\u0105 spo\u0142ecze\u0144stw.<\/p>\n\n\n\n<p><strong>Niemcy\u00a0<\/strong>\u00a0<br>W pierwszym kwartale 2024 roku nast\u0105pi\u0142 imponuj\u0105cy wzrost liczby rejestracji pojazd\u00f3w u\u017cywanych o 7,9% w por\u00f3wnaniu z analogicznym okresem 2023 roku. Te optymistyczne dane zosta\u0142y przekazane przez Kraftfahrt-Bundesamt (KBA). KBA nie analizuje transakcji wed\u0142ug rodzaj\u00f3w nap\u0119d\u00f3w, co utrudnia ocen\u0119 kondycji poszczeg\u00f3lnych technologii. \u00a0<br>Wcze\u015bniej Federalne Ministerstwo Gospodarki og\u0142osi\u0142o, \u017ce nie b\u0119dzie przyjmowa\u0107 \u017cadnych nowych wniosk\u00f3w w sprawie dop\u0142at z\u0142o\u017conych po 17 grudnia 2023 r.\u00a0 W ten spos\u00f3b bonus zakupowy dla nabywc\u00f3w samochod\u00f3w elektrycznych w Niemczech przeszed\u0142 do historii. W obliczu wygaszenia dop\u0142at do zakupu nowych samochod\u00f3w elektrycznych, prawdopodobne jest, \u017ce coraz wi\u0119cej prywatnych nabywc\u00f3w zainteresowanych pojazdami bezemisyjnymi zwr\u00f3ci si\u0119 w stron\u0119 rynku samochod\u00f3w u\u017cywanych, co mo\u017ce przyczyni\u0107 si\u0119 do wzrostu liczby rejestracji aut z tej kategorii.\u00a0<br>\u00a0<br><img decoding=\"async\" src=\"blob:https:\/\/www.caret.pro\/979d930a-53ac-4b00-9522-ae1d58cd1fd8\">\u00a0<\/p>\n\n\n\n<p><strong>Hiszpania\u00a0<\/strong>\u00a0<br>Krajowe Stowarzyszenie Sprzedawc\u00f3w Pojazd\u00f3w Samochodowych, Napraw i Cz\u0119\u015bci Zamiennych (Ganvam) podaje, \u017ce rynek aut u\u017cywanych w Hiszpanii wzr\u00f3s\u0142 o 2,7% w pierwszym kwartale 2024 r. Z kolei Europejskie Stowarzyszenie Producent\u00f3w Samochod\u00f3w (ACEA) podaje, \u017ce do ko\u0144ca 2022 r. \u015bredni wiek samochod\u00f3w wynosi\u0142 13,9 lat. Natomiast w pierwszym kwartale 2024 r. ponad 40% transakcji dotyczy\u0142o modeli maj\u0105cych powy\u017cej 15 lat. To w\u0142a\u015bnie sprawia, \u017ce Hiszpania posiada najstarszy park samochodowy w Europie Zachodniej. Kluczowym czynnikiem obni\u017cenia \u015bredniego wieku i zwi\u0119kszenia udzia\u0142u bardziej ekologicznych, niskoemisyjnych pojazd\u00f3w w krajowej flocie jest wi\u0119ksza poda\u017c m\u0142odszych samochod\u00f3w u\u017cywanych, kt\u00f3re sukcesywnie b\u0119d\u0105 pojawia\u0107 si\u0119 na rynku wt\u00f3rnym u autoryzowanych dealer\u00f3w.\u00a0<br>Pojazdy z silnikiem Diesla stanowi\u0142y 53,8% hiszpa\u0144skiego rynku samochod\u00f3w u\u017cywanych. Z kolei pojazdy elektryczne stanowi\u0142y jedynie 2,1%. Kraj zmaga si\u0119 z trudno\u015bciami w zach\u0119caniu kupuj\u0105cych do wyboru BEV i PHEV, a liczba rejestracji nowych modeli jest r\u00f3wnie\u017c ni\u017csza od \u015bredniej w UE. \u00a0<br><br><img decoding=\"async\" src=\"blob:https:\/\/www.caret.pro\/18bb2a2c-18ec-4340-bff4-0229f7110be3\"><br>\u00a0<br><strong>Francja<\/strong>\u00a0<br>AAA Data podaje, \u017ce francuski rynek aut u\u017cywanych wzr\u00f3s\u0142 o 1,9% rok do roku. W 2016 roku w tym kraju wprowadzono obowi\u0105zek posiadania plakietek ekologicznych i podzieli\u0142a je na sze\u015b\u0107 kategorii &#8211; od Crit\u2019Air 1 (najczystsze pojazdy) do Crit\u2019Air 6 (najbardziej zanieczyszczaj\u0105ce), przy czym Crit\u2019Air 0 jest zarezerwowane dla pojazd\u00f3w bezemisyjnych. \u00a0<br>W pierwszym kwartale 2024 roku zaobserwowano wzrost popytu na u\u017cywane samochody o ni\u017cszej emisji zanieczyszcze\u0144, co prze\u0142o\u017cy\u0142o si\u0119 na zwi\u0119kszon\u0105 liczb\u0119 transakcji tego typu pojazdami na rynku wt\u00f3rnym. Dla przyk\u0142adu, samochody z krajowymi naklejkami \u201eCrit&#8217;Air 0\u201d odnotowa\u0142y wzrost transakcji o 92% w styczniu. Natomiast w styczniu 2024 r. poziom transakcji dla \u201eCrit&#8217;Air 1\u201d, w tym hybryd typu plug-in, modeli benzynowych Euro 5 i Euro 6, wzr\u00f3s\u0142 o 15%. \u00a0<br>Od 1 stycznia 2024 r. wesz\u0142y we Francji nowe przepisy dotycz\u0105ce dop\u0142at do aut elektrycznych. Nowe regulacje obj\u0119\u0142y ponad 70 modeli samochod\u00f3w i prawie 65% wszystkich samochod\u00f3w elektrycznych sprzedawanych we Francji.<strong> <\/strong>Francuski program dop\u0142at do zakupu samochod\u00f3w elektrycznych, zwany 'bonusologique&#8217;, zdecydowanie premiuje pojazdy wyprodukowane na Starym Kontynencie. Mo\u017ce to stanowi\u0107 zach\u0119t\u0119 dla konsument\u00f3w do zakupu samochod\u00f3w elektrycznych, co w perspektywie czasu mo\u017ce przyczyni\u0107 si\u0119 do wzrostu popytu na tego typu pojazdy na rynku wt\u00f3rnym.\u00a0<br>\u00a0<br><img decoding=\"async\" src=\"blob:https:\/\/www.caret.pro\/fd21438f-c125-45f8-8c88-a5c0088c2c0d\">\u00a0<br><strong>Wielka Brytania\u00a0<\/strong>\u00a0<br>Jak dane za pierwszy kwarta\u0142 2024 r. wygl\u0105daj\u0105 w Wielkiej Brytanii? Stowarzyszenie Producent\u00f3w i Sprzedawc\u00f3w Samochod\u00f3w (SMMT) podaje, \u017ce rynek osi\u0105gn\u0105\u0142 wzrost o 6,5% w por\u00f3wnaniu z tym samym okresem w 2023 roku. Najwi\u0119cej transakcji zaliczy\u0142y auta z silnikiem benzynowym (wzrost o 7,9%). Sprzeda\u017c silnik\u00f3w wysokopr\u0119\u017cnych spad\u0142a o 1,2%. Znaczny wzrost zaliczy\u0142y auta BEV (58,1%) oraz PHEV (42,2%).\u00a0<br>\u00a0<br><img decoding=\"async\" src=\"blob:https:\/\/www.caret.pro\/8801825c-ae2b-48e7-b620-820e72cb0b49\"><br><strong>W\u0142ochy<\/strong>\u00a0<br>W\u0142oska ANFIA podaje, \u017ce transakcje samochodami u\u017cywanymi wzros\u0142y w pierwszym kwartale o 8,5%. Rejestracje nowych modeli w tym samym okresie zanotowa\u0142y wzrost o 5,7%. W rezultacie, dynamika wzrostu na krajowym rynku samochod\u00f3w u\u017cywanych okaza\u0142a si\u0119 w tym okresie wy\u017csza ni\u017c w segmencie nowych pojazd\u00f3w.\u00a0<\/p>\n\n\n\n<figure class=\"wp-block-image size-large\"><img loading=\"lazy\" decoding=\"async\" width=\"1024\" height=\"535\" src=\"https:\/\/www.caret.pro\/wp-content\/uploads\/2024\/06\/image-1024x535.png\" alt=\"\" class=\"wp-image-6193\" srcset=\"https:\/\/www.caret.pro\/wp-content\/uploads\/2024\/06\/image-1024x535.png 1024w, https:\/\/www.caret.pro\/wp-content\/uploads\/2024\/06\/image-300x157.png 300w, https:\/\/www.caret.pro\/wp-content\/uploads\/2024\/06\/image-768x401.png 768w, https:\/\/www.caret.pro\/wp-content\/uploads\/2024\/06\/image.png 1200w\" sizes=\"(max-width: 1024px) 100vw, 1024px\" \/><\/figure>\n\n\n\n<p>Warto wspomnie\u0107, \u017ce w pierwszym kwartale bie\u017c\u0105cego roku po raz pierwszy od 2021 roku na wszystkich pi\u0119ciu kluczowych europejskich rynkach motoryzacyjnych odnotowano wzrost sprzeda\u017cy pojazd\u00f3w u\u017cywanych. \u00a0<br>\u00a0<br>_______\u00a0<br>*\u017ar\u00f3d\u0142o: Kraftfahrt-Bundesamt, Ganvam, AAA Data, SMMT, ANFIA, Autovista24<\/p>\n","protected":false},"excerpt":{"rendered":"<p>Francja, Niemcy, W\u0142ochy, Hiszpania i Wielka Brytania &#8211; jedne z najwi\u0119kszych rynk\u00f3w samochod\u00f3w u\u017cywanych w Europie &#8211; odnotowa\u0142y pozytywny pocz\u0105tek 2024 roku. Wzrost popytu na te pojazdy prze\u0142o\u017cy\u0142 si\u0119 na zwi\u0119kszon\u0105 sprzeda\u017c w wielu krajach Starego Kontynentu. Ten trend mo\u017ce sygnalizowa\u0107 rosn\u0105c\u0105 atrakcyjno\u015b\u0107 rynku wt\u00f3rnego w\u015br\u00f3d europejskich konsument\u00f3w, poszukuj\u0105cych bardziej przyst\u0119pnych cenowo opcji mobilno\u015bci. Mo\u017ce [&hellip;]<\/p>\n","protected":false},"author":11,"featured_media":6201,"comment_status":"closed","ping_status":"closed","sticky":false,"template":"","format":"standard","meta":{"footnotes":""},"categories":[55],"tags":[],"acf":[],"yoast_head":"<!-- This site is optimized with the Yoast SEO plugin v22.6 - https:\/\/yoast.com\/wordpress\/plugins\/seo\/ -->\n<title>Europejczycy stawiaj\u0105 na u\u017cywane samochody - Caret.Pro<\/title>\n<meta name=\"robots\" content=\"index, follow, max-snippet:-1, max-image-preview:large, max-video-preview:-1\" \/>\n<link rel=\"canonical\" href=\"https:\/\/www.caret.pro\/pl\/blog\/europejczycy-stawiaja-na-uzywane-samochody\/\" \/>\n<meta property=\"og:locale\" content=\"pl_PL\" \/>\n<meta property=\"og:type\" content=\"article\" \/>\n<meta property=\"og:title\" content=\"Europejczycy stawiaj\u0105 na u\u017cywane samochody - Caret.Pro\" \/>\n<meta property=\"og:description\" content=\"Francja, Niemcy, W\u0142ochy, Hiszpania i Wielka Brytania &#8211; jedne z najwi\u0119kszych rynk\u00f3w samochod\u00f3w u\u017cywanych w Europie &#8211; odnotowa\u0142y pozytywny pocz\u0105tek 2024 roku. Wzrost popytu na te pojazdy prze\u0142o\u017cy\u0142 si\u0119 na zwi\u0119kszon\u0105 sprzeda\u017c w wielu krajach Starego Kontynentu. Ten trend mo\u017ce sygnalizowa\u0107 rosn\u0105c\u0105 atrakcyjno\u015b\u0107 rynku wt\u00f3rnego w\u015br\u00f3d europejskich konsument\u00f3w, poszukuj\u0105cych bardziej przyst\u0119pnych cenowo opcji mobilno\u015bci. Mo\u017ce [&hellip;]\" \/>\n<meta property=\"og:url\" content=\"https:\/\/www.caret.pro\/pl\/blog\/europejczycy-stawiaja-na-uzywane-samochody\/\" \/>\n<meta property=\"og:site_name\" content=\"Caret.Pro\" \/>\n<meta property=\"article:published_time\" content=\"2024-06-26T13:22:54+00:00\" \/>\n<meta property=\"article:modified_time\" content=\"2024-06-26T13:24:25+00:00\" \/>\n<meta property=\"og:image\" content=\"https:\/\/www.caret.pro\/wp-content\/uploads\/2024\/06\/Projekt-bez-nazwy-2024-06-26T152152.420.jpg\" \/>\n\t<meta property=\"og:image:width\" content=\"1200\" \/>\n\t<meta property=\"og:image:height\" content=\"627\" \/>\n\t<meta property=\"og:image:type\" content=\"image\/jpeg\" \/>\n<meta name=\"author\" content=\"Anna Celmer\" \/>\n<meta name=\"twitter:card\" content=\"summary_large_image\" \/>\n<meta name=\"twitter:label1\" content=\"Napisane przez\" \/>\n\t<meta name=\"twitter:data1\" content=\"Anna Celmer\" \/>\n\t<meta name=\"twitter:label2\" content=\"Szacowany czas czytania\" \/>\n\t<meta name=\"twitter:data2\" content=\"5 minut\" \/>\n<script type=\"application\/ld+json\" class=\"yoast-schema-graph\">{\"@context\":\"https:\/\/schema.org\",\"@graph\":[{\"@type\":\"WebPage\",\"@id\":\"https:\/\/www.caret.pro\/pl\/blog\/europejczycy-stawiaja-na-uzywane-samochody\/\",\"url\":\"https:\/\/www.caret.pro\/pl\/blog\/europejczycy-stawiaja-na-uzywane-samochody\/\",\"name\":\"Europejczycy stawiaj\u0105 na u\u017cywane samochody - Caret.Pro\",\"isPartOf\":{\"@id\":\"https:\/\/www.caret.pro\/pl\/#website\"},\"primaryImageOfPage\":{\"@id\":\"https:\/\/www.caret.pro\/pl\/blog\/europejczycy-stawiaja-na-uzywane-samochody\/#primaryimage\"},\"image\":{\"@id\":\"https:\/\/www.caret.pro\/pl\/blog\/europejczycy-stawiaja-na-uzywane-samochody\/#primaryimage\"},\"thumbnailUrl\":\"https:\/\/www.caret.pro\/wp-content\/uploads\/2024\/06\/Projekt-bez-nazwy-2024-06-26T152152.420.jpg\",\"datePublished\":\"2024-06-26T13:22:54+00:00\",\"dateModified\":\"2024-06-26T13:24:25+00:00\",\"author\":{\"@id\":\"https:\/\/www.caret.pro\/pl\/#\/schema\/person\/6a6ec89d5ecaf9d43a536d58b0ac21c9\"},\"breadcrumb\":{\"@id\":\"https:\/\/www.caret.pro\/pl\/blog\/europejczycy-stawiaja-na-uzywane-samochody\/#breadcrumb\"},\"inLanguage\":\"pl-PL\",\"potentialAction\":[{\"@type\":\"ReadAction\",\"target\":[\"https:\/\/www.caret.pro\/pl\/blog\/europejczycy-stawiaja-na-uzywane-samochody\/\"]}]},{\"@type\":\"ImageObject\",\"inLanguage\":\"pl-PL\",\"@id\":\"https:\/\/www.caret.pro\/pl\/blog\/europejczycy-stawiaja-na-uzywane-samochody\/#primaryimage\",\"url\":\"https:\/\/www.caret.pro\/wp-content\/uploads\/2024\/06\/Projekt-bez-nazwy-2024-06-26T152152.420.jpg\",\"contentUrl\":\"https:\/\/www.caret.pro\/wp-content\/uploads\/2024\/06\/Projekt-bez-nazwy-2024-06-26T152152.420.jpg\",\"width\":1200,\"height\":627},{\"@type\":\"BreadcrumbList\",\"@id\":\"https:\/\/www.caret.pro\/pl\/blog\/europejczycy-stawiaja-na-uzywane-samochody\/#breadcrumb\",\"itemListElement\":[{\"@type\":\"ListItem\",\"position\":1,\"name\":\"Home\",\"item\":\"https:\/\/www.caret.pro\/pl\/\"},{\"@type\":\"ListItem\",\"position\":2,\"name\":\"Europejczycy stawiaj\u0105 na u\u017cywane samochody\"}]},{\"@type\":\"WebSite\",\"@id\":\"https:\/\/www.caret.pro\/pl\/#website\",\"url\":\"https:\/\/www.caret.pro\/pl\/\",\"name\":\"Caret.Pro\",\"description\":\"\",\"potentialAction\":[{\"@type\":\"SearchAction\",\"target\":{\"@type\":\"EntryPoint\",\"urlTemplate\":\"https:\/\/www.caret.pro\/pl\/?s={search_term_string}\"},\"query-input\":\"required name=search_term_string\"}],\"inLanguage\":\"pl-PL\"},{\"@type\":\"Person\",\"@id\":\"https:\/\/www.caret.pro\/pl\/#\/schema\/person\/6a6ec89d5ecaf9d43a536d58b0ac21c9\",\"name\":\"Anna Celmer\",\"image\":{\"@type\":\"ImageObject\",\"inLanguage\":\"pl-PL\",\"@id\":\"https:\/\/www.caret.pro\/pl\/#\/schema\/person\/image\/\",\"url\":\"https:\/\/secure.gravatar.com\/avatar\/c4acf8b01675cc732e0c7fb43d3b3f75?s=96&d=mm&r=g\",\"contentUrl\":\"https:\/\/secure.gravatar.com\/avatar\/c4acf8b01675cc732e0c7fb43d3b3f75?s=96&d=mm&r=g\",\"caption\":\"Anna Celmer\"},\"url\":\"https:\/\/www.caret.pro\/pl\/blog\/author\/anna-celmer\/\"}]}<\/script>\n<!-- \/ Yoast SEO plugin. -->","yoast_head_json":{"title":"Europejczycy stawiaj\u0105 na u\u017cywane samochody - Caret.Pro","robots":{"index":"index","follow":"follow","max-snippet":"max-snippet:-1","max-image-preview":"max-image-preview:large","max-video-preview":"max-video-preview:-1"},"canonical":"https:\/\/www.caret.pro\/pl\/blog\/europejczycy-stawiaja-na-uzywane-samochody\/","og_locale":"pl_PL","og_type":"article","og_title":"Europejczycy stawiaj\u0105 na u\u017cywane samochody - Caret.Pro","og_description":"Francja, Niemcy, W\u0142ochy, Hiszpania i Wielka Brytania &#8211; jedne z najwi\u0119kszych rynk\u00f3w samochod\u00f3w u\u017cywanych w Europie &#8211; odnotowa\u0142y pozytywny pocz\u0105tek 2024 roku. Wzrost popytu na te pojazdy prze\u0142o\u017cy\u0142 si\u0119 na zwi\u0119kszon\u0105 sprzeda\u017c w wielu krajach Starego Kontynentu. Ten trend mo\u017ce sygnalizowa\u0107 rosn\u0105c\u0105 atrakcyjno\u015b\u0107 rynku wt\u00f3rnego w\u015br\u00f3d europejskich konsument\u00f3w, poszukuj\u0105cych bardziej przyst\u0119pnych cenowo opcji mobilno\u015bci. Mo\u017ce [&hellip;]","og_url":"https:\/\/www.caret.pro\/pl\/blog\/europejczycy-stawiaja-na-uzywane-samochody\/","og_site_name":"Caret.Pro","article_published_time":"2024-06-26T13:22:54+00:00","article_modified_time":"2024-06-26T13:24:25+00:00","og_image":[{"width":1200,"height":627,"url":"https:\/\/www.caret.pro\/wp-content\/uploads\/2024\/06\/Projekt-bez-nazwy-2024-06-26T152152.420.jpg","type":"image\/jpeg"}],"author":"Anna Celmer","twitter_card":"summary_large_image","twitter_misc":{"Napisane przez":"Anna Celmer","Szacowany czas czytania":"5 minut"},"schema":{"@context":"https:\/\/schema.org","@graph":[{"@type":"WebPage","@id":"https:\/\/www.caret.pro\/pl\/blog\/europejczycy-stawiaja-na-uzywane-samochody\/","url":"https:\/\/www.caret.pro\/pl\/blog\/europejczycy-stawiaja-na-uzywane-samochody\/","name":"Europejczycy stawiaj\u0105 na u\u017cywane samochody - Caret.Pro","isPartOf":{"@id":"https:\/\/www.caret.pro\/pl\/#website"},"primaryImageOfPage":{"@id":"https:\/\/www.caret.pro\/pl\/blog\/europejczycy-stawiaja-na-uzywane-samochody\/#primaryimage"},"image":{"@id":"https:\/\/www.caret.pro\/pl\/blog\/europejczycy-stawiaja-na-uzywane-samochody\/#primaryimage"},"thumbnailUrl":"https:\/\/www.caret.pro\/wp-content\/uploads\/2024\/06\/Projekt-bez-nazwy-2024-06-26T152152.420.jpg","datePublished":"2024-06-26T13:22:54+00:00","dateModified":"2024-06-26T13:24:25+00:00","author":{"@id":"https:\/\/www.caret.pro\/pl\/#\/schema\/person\/6a6ec89d5ecaf9d43a536d58b0ac21c9"},"breadcrumb":{"@id":"https:\/\/www.caret.pro\/pl\/blog\/europejczycy-stawiaja-na-uzywane-samochody\/#breadcrumb"},"inLanguage":"pl-PL","potentialAction":[{"@type":"ReadAction","target":["https:\/\/www.caret.pro\/pl\/blog\/europejczycy-stawiaja-na-uzywane-samochody\/"]}]},{"@type":"ImageObject","inLanguage":"pl-PL","@id":"https:\/\/www.caret.pro\/pl\/blog\/europejczycy-stawiaja-na-uzywane-samochody\/#primaryimage","url":"https:\/\/www.caret.pro\/wp-content\/uploads\/2024\/06\/Projekt-bez-nazwy-2024-06-26T152152.420.jpg","contentUrl":"https:\/\/www.caret.pro\/wp-content\/uploads\/2024\/06\/Projekt-bez-nazwy-2024-06-26T152152.420.jpg","width":1200,"height":627},{"@type":"BreadcrumbList","@id":"https:\/\/www.caret.pro\/pl\/blog\/europejczycy-stawiaja-na-uzywane-samochody\/#breadcrumb","itemListElement":[{"@type":"ListItem","position":1,"name":"Home","item":"https:\/\/www.caret.pro\/pl\/"},{"@type":"ListItem","position":2,"name":"Europejczycy stawiaj\u0105 na u\u017cywane samochody"}]},{"@type":"WebSite","@id":"https:\/\/www.caret.pro\/pl\/#website","url":"https:\/\/www.caret.pro\/pl\/","name":"Caret.Pro","description":"","potentialAction":[{"@type":"SearchAction","target":{"@type":"EntryPoint","urlTemplate":"https:\/\/www.caret.pro\/pl\/?s={search_term_string}"},"query-input":"required name=search_term_string"}],"inLanguage":"pl-PL"},{"@type":"Person","@id":"https:\/\/www.caret.pro\/pl\/#\/schema\/person\/6a6ec89d5ecaf9d43a536d58b0ac21c9","name":"Anna Celmer","image":{"@type":"ImageObject","inLanguage":"pl-PL","@id":"https:\/\/www.caret.pro\/pl\/#\/schema\/person\/image\/","url":"https:\/\/secure.gravatar.com\/avatar\/c4acf8b01675cc732e0c7fb43d3b3f75?s=96&d=mm&r=g","contentUrl":"https:\/\/secure.gravatar.com\/avatar\/c4acf8b01675cc732e0c7fb43d3b3f75?s=96&d=mm&r=g","caption":"Anna Celmer"},"url":"https:\/\/www.caret.pro\/pl\/blog\/author\/anna-celmer\/"}]}},"_links":{"self":[{"href":"https:\/\/www.caret.pro\/pl\/wp-json\/wp\/v2\/posts\/6192"}],"collection":[{"href":"https:\/\/www.caret.pro\/pl\/wp-json\/wp\/v2\/posts"}],"about":[{"href":"https:\/\/www.caret.pro\/pl\/wp-json\/wp\/v2\/types\/post"}],"author":[{"embeddable":true,"href":"https:\/\/www.caret.pro\/pl\/wp-json\/wp\/v2\/users\/11"}],"replies":[{"embeddable":true,"href":"https:\/\/www.caret.pro\/pl\/wp-json\/wp\/v2\/comments?post=6192"}],"version-history":[{"count":6,"href":"https:\/\/www.caret.pro\/pl\/wp-json\/wp\/v2\/posts\/6192\/revisions"}],"predecessor-version":[{"id":6214,"href":"https:\/\/www.caret.pro\/pl\/wp-json\/wp\/v2\/posts\/6192\/revisions\/6214"}],"wp:featuredmedia":[{"embeddable":true,"href":"https:\/\/www.caret.pro\/pl\/wp-json\/wp\/v2\/media\/6201"}],"wp:attachment":[{"href":"https:\/\/www.caret.pro\/pl\/wp-json\/wp\/v2\/media?parent=6192"}],"wp:term":[{"taxonomy":"category","embeddable":true,"href":"https:\/\/www.caret.pro\/pl\/wp-json\/wp\/v2\/categories?post=6192"},{"taxonomy":"post_tag","embeddable":true,"href":"https:\/\/www.caret.pro\/pl\/wp-json\/wp\/v2\/tags?post=6192"}],"curies":[{"name":"wp","href":"https:\/\/api.w.org\/{rel}","templated":true}]}}