{"id":4906,"date":"2023-03-07T14:05:38","date_gmt":"2023-03-07T13:05:38","guid":{"rendered":"https:\/\/www.caret.pro\/blog\/equipment-matters-understand-about-the-differences-and-create-a-version-for-the-french-market-with-caret\/"},"modified":"2023-12-19T14:00:31","modified_gmt":"2023-12-19T13:00:31","slug":"equipment-matters-understand-about-the-differences-and-create-a-version-for-the-french-market-with-caret","status":"publish","type":"post","link":"https:\/\/www.caret.pro\/hu\/blog\/equipment-matters-understand-about-the-differences-and-create-a-version-for-the-french-market-with-caret\/","title":{"rendered":"A felszerel\u00e9s sz\u00e1m\u00edt \u2013 ismerje meg a k\u00fcl\u00f6nbs\u00e9geket, \u00e9s hozzon l\u00e9tre egy verzi\u00f3t a francia piac sz\u00e1m\u00e1ra a CARET seg\u00edts\u00e9g\u00e9vel"},"content":{"rendered":"\n<figure class=\"wp-block-image size-large is-resized\"><img loading=\"lazy\" decoding=\"async\" width=\"1024\" height=\"455\" src=\"https:\/\/www.caret.pro\/wp-content\/uploads\/2023\/10\/Projekt-bez-nazwy-17-1024x455.png\" alt=\"\" class=\"wp-image-1588\" style=\"width:999px;height:auto\" srcset=\"https:\/\/www.caret.pro\/wp-content\/uploads\/2023\/10\/Projekt-bez-nazwy-17-1024x455.png 1024w, https:\/\/www.caret.pro\/wp-content\/uploads\/2023\/10\/Projekt-bez-nazwy-17-300x133.png 300w, https:\/\/www.caret.pro\/wp-content\/uploads\/2023\/10\/Projekt-bez-nazwy-17-768x341.png 768w, https:\/\/www.caret.pro\/wp-content\/uploads\/2023\/10\/Projekt-bez-nazwy-17.png 1440w\" sizes=\"(max-width: 1024px) 100vw, 1024px\" \/><\/figure>\n\n\n\n<p class=\"is-style-paragraph-medium\"><strong>Platformunkon megvizsg\u00e1ltuk a lengyel \u00e9s a francia piacon k\u00edn\u00e1lt n\u00e9pszer\u0171 aut\u00f3modellek felszerelts\u00e9g\u00e9nek k\u00fcl\u00f6nbs\u00e9geit. Mi\u00e9rt sz\u00e1m\u00edt a felszerel\u00e9s, \u00e9s mi\u00e9rt hat\u00e1rozza meg gyakran az \u00e9rdekl\u0151d\u00e9st egy aj\u00e1nlat ir\u00e1nt? \u00datmutat\u00e1st adunk ahhoz, hogy egy lengyelorsz\u00e1gi aut\u00f3nak milyen csomagokkal kell rendelkeznie, hogy alkalmas legyen a francia v\u00e1s\u00e1rl\u00f3k sz\u00e1m\u00e1ra.<\/strong><\/p>\n\n\n\n<h2 class=\"wp-block-heading\"><strong>Mi\u00e9rt m\u00e1s a lengyel v\u00e1ltozat, mint a francia?<\/strong><\/h2>\n\n\n\n<p>M\u00edg a motorv\u00e1ltozatok el\u00e9rhet\u0151s\u00e9ge \u00e1ltal\u00e1ban hasonl\u00f3 az egyes eur\u00f3pai orsz\u00e1gokban, a felszerelts\u00e9g szintje jelent\u0151sen elt\u00e9rhet. Ez gyakran azt eredm\u00e9nyezi, hogy a francia partnerek korl\u00e1tozott \u00e9rdekl\u0151d\u00e9st mutatnak az aj\u00e1nlat ir\u00e1nt. Ez\u00e9rt, amikor elad\u00e1sra k\u00edn\u00e1l egy aut\u00f3t egy francia v\u00e1llalkoz\u00f3nak, k\u00fcl\u00f6n\u00f6s figyelmet kell ford\u00edtania az adott modell csomagjaira \u00e9s opci\u00f3ira. Min\u00e9l gazdagabb verzi\u00f3t k\u00edn\u00e1lunk, ann\u00e1l nagyobb az es\u00e9ly a j\u00e1rm\u0171 elad\u00e1s\u00e1ra.<\/p>\n\n\n\n<p>Az egyes aut\u00f3v\u00e1ltozatok alapfelszerelts\u00e9g\u00e9nek elt\u00e9r\u00e9sei n\u00e9mi zavart okozhatnak az Eur\u00f3pai Uni\u00f3ban \u00fajaut\u00f3-\u00e9rt\u00e9kes\u00edt\u00e9ssel foglalkoz\u00f3 szakemberek elad\u00e1si aj\u00e1nlatainak elk\u00e9sz\u00edt\u00e9sekor.<\/p>\n\n\n\n<p>A lengyel \u00e9s francia forgalmaz\u00e1sb\u00f3l sz\u00e1rmaz\u00f3 aut\u00f3felszerel\u00e9sek \u00f6sszehasonl\u00edt\u00e1sa \u00e9s elemz\u00e9se id\u0151ig\u00e9nyes feladat. Az is bonyol\u00edtja a folyamatot, hogy az aut\u00f3gy\u00e1rt\u00f3k a jelent\u0151s felszerelts\u00e9gi k\u00fcl\u00f6nbs\u00e9gek ellen\u00e9re azonos verzi\u00f3neveket haszn\u00e1lnak.<\/p>\n\n\n\n<h2 class=\"wp-block-heading\"><strong>Mit tudsz csin\u00e1lni?<\/strong><\/h2>\n\n\n\n<p>Haszn\u00e1lja a szak\u00e9rt\u0151ink \u00e1ltal k\u00e9sz\u00edtett al\u00e1bbi t\u00e1bl\u00e1zatot. Ezzel a hasznos eszk\u00f6zzel gyorsan \u00e9s egyszer\u0171en ellen\u0151rizheti a franciaorsz\u00e1gi utakon j\u00f3l teljes\u00edt\u0151 legn\u00e9pszer\u0171bb v\u00e1rosi aut\u00f3k felszerelts\u00e9g\u00e9nek k\u00fcl\u00f6nbs\u00e9geit.<\/p>\n\n\n\n<p><strong>A leggyakrabban v\u00e1lasztott v\u00e1rosi aut\u00f3k Franciaorsz\u00e1gban:<\/strong><\/p>\n\n\n\n<ol>\n<li>Renault Clio, TECHNO, B\u0151r bor\u00edt\u00e1s\u00fa korm\u00e1ny, Els\u0151\/h\u00e1ts\u00f3 parkol\u00e1sseg\u00edt\u0151 rendszer, Vil\u00e1g\u00edt\u00e1s Techno csomag<\/li>\n\n\n\n<li>Peugeot 208, ALLURE PACK, Kulcs n\u00e9lk\u00fcli nyit\u00e1s, ,<\/li>\n\n\n\n<li>Citroen C3, SHINE, h\u00e1ts\u00f3 \u00e9s els\u0151 parkol\u00f3\u00e9rz\u00e9kel\u0151k, tolat\u00f3kamera \u00e9s holtt\u00e9r-\u00e9rz\u00e9kel\u0151, elektromosan vez\u00e9relt h\u00e1ts\u00f3 ablakok,<\/li>\n\n\n\n<li>Peugeot 208, ALLURE, Vezet\u00e9st seg\u00edt\u0151 csomag, Visiopark 1 csomag, Kulcs n\u00e9lk\u00fcli nyit\u00e1s<\/li>\n\n\n\n<li>Renault Captur, TECHNO, kiterjesztett l\u00e1t\u00e1si csomag, halad\u00f3 vezet\u00e9si csomag,<\/li>\n\n\n\n<li>Dacia Sandero Stepway, EXPRESSION, Comfort Plus csomag, Parkol\u00e1s plusz csomag, Automata kl\u00edma<\/li>\n\n\n\n<li>Ford Puma, ST LINE, adapt\u00edv tempomat, LED f\u00e9nysz\u00f3r\u00f3k, panor\u00e1matet\u0151<\/li>\n\n\n\n<li>Toyota Yaris, EXECUTIVE, Smart Package, ,<\/li>\n\n\n\n<li>Volkswagen Polo, STYLE, Komfort csomag, S\u00f6t\u00e9t\u00edtett h\u00e1ts\u00f3 \u00e9s oldals\u00f3 ablakok, Climatronic<br>Forr\u00e1s: Caret<\/li>\n<\/ol>\n\n\n\n<p>Amint az a t\u00e1bl\u00e1zat adataib\u00f3l l\u00e1that\u00f3, az aut\u00f3k felszerelts\u00e9g\u00e9nek elt\u00e9r\u00e9sei ebben a szegmensben jelent\u0151sek lehetnek. A k\u00fcl\u00f6nbs\u00e9gek leggyakrabban a fed\u00e9lzeti elektronik\u00e1t \u00e9rintik, amelyek nagym\u00e9rt\u00e9kben befoly\u00e1solj\u00e1k a vezet\u00e9s \u00e9s a j\u00e1rm\u0171haszn\u00e1lat k\u00e9nyelm\u00e9t. Ez azt jelenti, hogy egy francia v\u00e1llalkoz\u00f3t meglephet bizonyos elemek hi\u00e1nya, amelyek alapfelszerelts\u00e9g a helyi piacon \u00e9rt\u00e9kes\u00edtett aut\u00f3kban.<\/p>\n\n\n\n<p>Ez\u00e9rt, miut\u00e1n \u00e1ttekintette c\u00e9ge Renault Clio Techno v\u00e1ltozat\u00e1nak r\u00e9szletes specifik\u00e1ci\u00f3j\u00e1t, el\u0151fordulhat, hogy az \u00fcgyf\u00e9l nem \u00e9rdekl\u0151dik a v\u00e1s\u00e1rl\u00e1s ir\u00e1nt, t\u00f6bbek k\u00f6z\u00f6tt bizonyos, a vezet\u00e9si k\u00e9nyelem n\u00f6vel\u00e9s\u00e9\u00e9rt felel\u0151s elemek hi\u00e1nya miatt.<\/p>\n\n\n\n<p><strong>Hogyan k\u00e9sz\u00edts\u00fcnk aj\u00e1nlatot a megfelel\u0151 verzi\u00f3val, dedik\u00e1ltan a francia piac sz\u00e1m\u00e1ra?<\/strong><\/p>\n\n\n\n<ul>\n<li>vegye figyelembe a lengyel forgalmaz\u00e1sban k\u00edn\u00e1lt aut\u00f3k felszerelts\u00e9g\u00e9t<\/li>\n\n\n\n<li>elemzi a k\u00fcl\u00f6nbs\u00e9geket<\/li>\n\n\n\n<li>tov\u00e1bbi elemek le\u00edr\u00e1sa az aut\u00f3 konfigur\u00e1ci\u00f3s szakasz\u00e1ban<\/li>\n\n\n\n<li>haszn\u00e1lja t\u00e1bl\u00e1zatunkat, vagy forduljon tan\u00e1csad\u00f3nkhoz<\/li>\n<\/ul>\n","protected":false},"excerpt":{"rendered":"<p>Platformunkon megvizsg\u00e1ltuk a lengyel \u00e9s a francia piacon k\u00edn\u00e1lt n\u00e9pszer\u0171 aut\u00f3modellek felszerelts\u00e9g\u00e9nek k\u00fcl\u00f6nbs\u00e9geit. Mi\u00e9rt sz\u00e1m\u00edt a felszerel\u00e9s, \u00e9s mi\u00e9rt hat\u00e1rozza meg gyakran az \u00e9rdekl\u0151d\u00e9st egy aj\u00e1nlat ir\u00e1nt? \u00datmutat\u00e1st adunk ahhoz, hogy egy lengyelorsz\u00e1gi aut\u00f3nak milyen csomagokkal kell rendelkeznie, hogy alkalmas legyen a francia v\u00e1s\u00e1rl\u00f3k sz\u00e1m\u00e1ra. Mi\u00e9rt m\u00e1s a lengyel v\u00e1ltozat, mint a francia? M\u00edg a [&hellip;]<\/p>\n","protected":false},"author":1,"featured_media":1592,"comment_status":"open","ping_status":"open","sticky":false,"template":"","format":"standard","meta":{"footnotes":""},"categories":[84],"tags":[],"acf":[],"yoast_head":"<!-- This site is optimized with the Yoast SEO plugin v22.6 - https:\/\/yoast.com\/wordpress\/plugins\/seo\/ -->\n<title>A felszerel\u00e9s sz\u00e1m\u00edt \u2013 ismerje meg a k\u00fcl\u00f6nbs\u00e9geket, \u00e9s hozzon l\u00e9tre egy verzi\u00f3t a francia piac sz\u00e1m\u00e1ra a CARET seg\u00edts\u00e9g\u00e9vel - Caret.Pro<\/title>\n<meta name=\"robots\" content=\"index, follow, max-snippet:-1, max-image-preview:large, max-video-preview:-1\" \/>\n<link rel=\"canonical\" href=\"https:\/\/www.caret.pro\/hu\/blog\/equipment-matters-understand-about-the-differences-and-create-a-version-for-the-french-market-with-caret\/\" \/>\n<meta property=\"og:locale\" content=\"hu_HU\" \/>\n<meta property=\"og:type\" content=\"article\" \/>\n<meta property=\"og:title\" content=\"A felszerel\u00e9s sz\u00e1m\u00edt \u2013 ismerje meg a k\u00fcl\u00f6nbs\u00e9geket, \u00e9s hozzon l\u00e9tre egy verzi\u00f3t a francia piac sz\u00e1m\u00e1ra a CARET seg\u00edts\u00e9g\u00e9vel - Caret.Pro\" \/>\n<meta property=\"og:description\" content=\"Platformunkon megvizsg\u00e1ltuk a lengyel \u00e9s a francia piacon k\u00edn\u00e1lt n\u00e9pszer\u0171 aut\u00f3modellek felszerelts\u00e9g\u00e9nek k\u00fcl\u00f6nbs\u00e9geit. Mi\u00e9rt sz\u00e1m\u00edt a felszerel\u00e9s, \u00e9s mi\u00e9rt hat\u00e1rozza meg gyakran az \u00e9rdekl\u0151d\u00e9st egy aj\u00e1nlat ir\u00e1nt? \u00datmutat\u00e1st adunk ahhoz, hogy egy lengyelorsz\u00e1gi aut\u00f3nak milyen csomagokkal kell rendelkeznie, hogy alkalmas legyen a francia v\u00e1s\u00e1rl\u00f3k sz\u00e1m\u00e1ra. Mi\u00e9rt m\u00e1s a lengyel v\u00e1ltozat, mint a francia? M\u00edg a [&hellip;]\" \/>\n<meta property=\"og:url\" content=\"https:\/\/www.caret.pro\/hu\/blog\/equipment-matters-understand-about-the-differences-and-create-a-version-for-the-french-market-with-caret\/\" \/>\n<meta property=\"og:site_name\" content=\"Caret.Pro\" \/>\n<meta property=\"article:published_time\" content=\"2023-03-07T13:05:38+00:00\" \/>\n<meta property=\"article:modified_time\" content=\"2023-12-19T13:00:31+00:00\" \/>\n<meta property=\"og:image\" content=\"https:\/\/www.caret.pro\/wp-content\/uploads\/2023\/10\/Projekt-bez-nazwy-17.png\" \/>\n\t<meta property=\"og:image:width\" content=\"1440\" \/>\n\t<meta property=\"og:image:height\" content=\"640\" \/>\n\t<meta property=\"og:image:type\" content=\"image\/png\" \/>\n<meta name=\"author\" content=\"piotr\" \/>\n<meta name=\"twitter:card\" content=\"summary_large_image\" \/>\n<meta name=\"twitter:label1\" content=\"Szerz\u0151:\" \/>\n\t<meta name=\"twitter:data1\" content=\"piotr\" \/>\n\t<meta name=\"twitter:label2\" content=\"Becs\u00fclt olvas\u00e1si id\u0151\" \/>\n\t<meta name=\"twitter:data2\" content=\"2 perc\" \/>\n<script type=\"application\/ld+json\" class=\"yoast-schema-graph\">{\"@context\":\"https:\/\/schema.org\",\"@graph\":[{\"@type\":\"WebPage\",\"@id\":\"https:\/\/www.caret.pro\/hu\/blog\/equipment-matters-understand-about-the-differences-and-create-a-version-for-the-french-market-with-caret\/\",\"url\":\"https:\/\/www.caret.pro\/hu\/blog\/equipment-matters-understand-about-the-differences-and-create-a-version-for-the-french-market-with-caret\/\",\"name\":\"A felszerel\u00e9s sz\u00e1m\u00edt \u2013 ismerje meg a k\u00fcl\u00f6nbs\u00e9geket, \u00e9s hozzon l\u00e9tre egy verzi\u00f3t a francia piac sz\u00e1m\u00e1ra a CARET seg\u00edts\u00e9g\u00e9vel - Caret.Pro\",\"isPartOf\":{\"@id\":\"https:\/\/www.caret.pro\/hu\/#website\"},\"primaryImageOfPage\":{\"@id\":\"https:\/\/www.caret.pro\/hu\/blog\/equipment-matters-understand-about-the-differences-and-create-a-version-for-the-french-market-with-caret\/#primaryimage\"},\"image\":{\"@id\":\"https:\/\/www.caret.pro\/hu\/blog\/equipment-matters-understand-about-the-differences-and-create-a-version-for-the-french-market-with-caret\/#primaryimage\"},\"thumbnailUrl\":\"https:\/\/www.caret.pro\/wp-content\/uploads\/2023\/10\/Projekt-bez-nazwy-17.png\",\"datePublished\":\"2023-03-07T13:05:38+00:00\",\"dateModified\":\"2023-12-19T13:00:31+00:00\",\"author\":{\"@id\":\"https:\/\/www.caret.pro\/hu\/#\/schema\/person\/e2ec542a1d46d5e62a5a4c71a2937897\"},\"breadcrumb\":{\"@id\":\"https:\/\/www.caret.pro\/hu\/blog\/equipment-matters-understand-about-the-differences-and-create-a-version-for-the-french-market-with-caret\/#breadcrumb\"},\"inLanguage\":\"hu\",\"potentialAction\":[{\"@type\":\"ReadAction\",\"target\":[\"https:\/\/www.caret.pro\/hu\/blog\/equipment-matters-understand-about-the-differences-and-create-a-version-for-the-french-market-with-caret\/\"]}]},{\"@type\":\"ImageObject\",\"inLanguage\":\"hu\",\"@id\":\"https:\/\/www.caret.pro\/hu\/blog\/equipment-matters-understand-about-the-differences-and-create-a-version-for-the-french-market-with-caret\/#primaryimage\",\"url\":\"https:\/\/www.caret.pro\/wp-content\/uploads\/2023\/10\/Projekt-bez-nazwy-17.png\",\"contentUrl\":\"https:\/\/www.caret.pro\/wp-content\/uploads\/2023\/10\/Projekt-bez-nazwy-17.png\",\"width\":1440,\"height\":640},{\"@type\":\"BreadcrumbList\",\"@id\":\"https:\/\/www.caret.pro\/hu\/blog\/equipment-matters-understand-about-the-differences-and-create-a-version-for-the-french-market-with-caret\/#breadcrumb\",\"itemListElement\":[{\"@type\":\"ListItem\",\"position\":1,\"name\":\"Home\",\"item\":\"https:\/\/www.caret.pro\/hu\/\"},{\"@type\":\"ListItem\",\"position\":2,\"name\":\"A felszerel\u00e9s sz\u00e1m\u00edt \u2013 ismerje meg a k\u00fcl\u00f6nbs\u00e9geket, \u00e9s hozzon l\u00e9tre egy verzi\u00f3t a francia piac sz\u00e1m\u00e1ra a CARET seg\u00edts\u00e9g\u00e9vel\"}]},{\"@type\":\"WebSite\",\"@id\":\"https:\/\/www.caret.pro\/hu\/#website\",\"url\":\"https:\/\/www.caret.pro\/hu\/\",\"name\":\"Caret.Pro\",\"description\":\"\",\"potentialAction\":[{\"@type\":\"SearchAction\",\"target\":{\"@type\":\"EntryPoint\",\"urlTemplate\":\"https:\/\/www.caret.pro\/hu\/?s={search_term_string}\"},\"query-input\":\"required name=search_term_string\"}],\"inLanguage\":\"hu\"},{\"@type\":\"Person\",\"@id\":\"https:\/\/www.caret.pro\/hu\/#\/schema\/person\/e2ec542a1d46d5e62a5a4c71a2937897\",\"name\":\"piotr\",\"image\":{\"@type\":\"ImageObject\",\"inLanguage\":\"hu\",\"@id\":\"https:\/\/www.caret.pro\/hu\/#\/schema\/person\/image\/\",\"url\":\"https:\/\/secure.gravatar.com\/avatar\/764715db851c0160919fab6e646b9be0?s=96&d=mm&r=g\",\"contentUrl\":\"https:\/\/secure.gravatar.com\/avatar\/764715db851c0160919fab6e646b9be0?s=96&d=mm&r=g\",\"caption\":\"piotr\"},\"url\":\"https:\/\/www.caret.pro\/hu\/blog\/author\/piotr\/\"}]}<\/script>\n<!-- \/ Yoast SEO plugin. -->","yoast_head_json":{"title":"A felszerel\u00e9s sz\u00e1m\u00edt \u2013 ismerje meg a k\u00fcl\u00f6nbs\u00e9geket, \u00e9s hozzon l\u00e9tre egy verzi\u00f3t a francia piac sz\u00e1m\u00e1ra a CARET seg\u00edts\u00e9g\u00e9vel - Caret.Pro","robots":{"index":"index","follow":"follow","max-snippet":"max-snippet:-1","max-image-preview":"max-image-preview:large","max-video-preview":"max-video-preview:-1"},"canonical":"https:\/\/www.caret.pro\/hu\/blog\/equipment-matters-understand-about-the-differences-and-create-a-version-for-the-french-market-with-caret\/","og_locale":"hu_HU","og_type":"article","og_title":"A felszerel\u00e9s sz\u00e1m\u00edt \u2013 ismerje meg a k\u00fcl\u00f6nbs\u00e9geket, \u00e9s hozzon l\u00e9tre egy verzi\u00f3t a francia piac sz\u00e1m\u00e1ra a CARET seg\u00edts\u00e9g\u00e9vel - Caret.Pro","og_description":"Platformunkon megvizsg\u00e1ltuk a lengyel \u00e9s a francia piacon k\u00edn\u00e1lt n\u00e9pszer\u0171 aut\u00f3modellek felszerelts\u00e9g\u00e9nek k\u00fcl\u00f6nbs\u00e9geit. Mi\u00e9rt sz\u00e1m\u00edt a felszerel\u00e9s, \u00e9s mi\u00e9rt hat\u00e1rozza meg gyakran az \u00e9rdekl\u0151d\u00e9st egy aj\u00e1nlat ir\u00e1nt? \u00datmutat\u00e1st adunk ahhoz, hogy egy lengyelorsz\u00e1gi aut\u00f3nak milyen csomagokkal kell rendelkeznie, hogy alkalmas legyen a francia v\u00e1s\u00e1rl\u00f3k sz\u00e1m\u00e1ra. Mi\u00e9rt m\u00e1s a lengyel v\u00e1ltozat, mint a francia? M\u00edg a [&hellip;]","og_url":"https:\/\/www.caret.pro\/hu\/blog\/equipment-matters-understand-about-the-differences-and-create-a-version-for-the-french-market-with-caret\/","og_site_name":"Caret.Pro","article_published_time":"2023-03-07T13:05:38+00:00","article_modified_time":"2023-12-19T13:00:31+00:00","og_image":[{"width":1440,"height":640,"url":"https:\/\/www.caret.pro\/wp-content\/uploads\/2023\/10\/Projekt-bez-nazwy-17.png","type":"image\/png"}],"author":"piotr","twitter_card":"summary_large_image","twitter_misc":{"Szerz\u0151:":"piotr","Becs\u00fclt olvas\u00e1si id\u0151":"2 perc"},"schema":{"@context":"https:\/\/schema.org","@graph":[{"@type":"WebPage","@id":"https:\/\/www.caret.pro\/hu\/blog\/equipment-matters-understand-about-the-differences-and-create-a-version-for-the-french-market-with-caret\/","url":"https:\/\/www.caret.pro\/hu\/blog\/equipment-matters-understand-about-the-differences-and-create-a-version-for-the-french-market-with-caret\/","name":"A felszerel\u00e9s sz\u00e1m\u00edt \u2013 ismerje meg a k\u00fcl\u00f6nbs\u00e9geket, \u00e9s hozzon l\u00e9tre egy verzi\u00f3t a francia piac sz\u00e1m\u00e1ra a CARET seg\u00edts\u00e9g\u00e9vel - Caret.Pro","isPartOf":{"@id":"https:\/\/www.caret.pro\/hu\/#website"},"primaryImageOfPage":{"@id":"https:\/\/www.caret.pro\/hu\/blog\/equipment-matters-understand-about-the-differences-and-create-a-version-for-the-french-market-with-caret\/#primaryimage"},"image":{"@id":"https:\/\/www.caret.pro\/hu\/blog\/equipment-matters-understand-about-the-differences-and-create-a-version-for-the-french-market-with-caret\/#primaryimage"},"thumbnailUrl":"https:\/\/www.caret.pro\/wp-content\/uploads\/2023\/10\/Projekt-bez-nazwy-17.png","datePublished":"2023-03-07T13:05:38+00:00","dateModified":"2023-12-19T13:00:31+00:00","author":{"@id":"https:\/\/www.caret.pro\/hu\/#\/schema\/person\/e2ec542a1d46d5e62a5a4c71a2937897"},"breadcrumb":{"@id":"https:\/\/www.caret.pro\/hu\/blog\/equipment-matters-understand-about-the-differences-and-create-a-version-for-the-french-market-with-caret\/#breadcrumb"},"inLanguage":"hu","potentialAction":[{"@type":"ReadAction","target":["https:\/\/www.caret.pro\/hu\/blog\/equipment-matters-understand-about-the-differences-and-create-a-version-for-the-french-market-with-caret\/"]}]},{"@type":"ImageObject","inLanguage":"hu","@id":"https:\/\/www.caret.pro\/hu\/blog\/equipment-matters-understand-about-the-differences-and-create-a-version-for-the-french-market-with-caret\/#primaryimage","url":"https:\/\/www.caret.pro\/wp-content\/uploads\/2023\/10\/Projekt-bez-nazwy-17.png","contentUrl":"https:\/\/www.caret.pro\/wp-content\/uploads\/2023\/10\/Projekt-bez-nazwy-17.png","width":1440,"height":640},{"@type":"BreadcrumbList","@id":"https:\/\/www.caret.pro\/hu\/blog\/equipment-matters-understand-about-the-differences-and-create-a-version-for-the-french-market-with-caret\/#breadcrumb","itemListElement":[{"@type":"ListItem","position":1,"name":"Home","item":"https:\/\/www.caret.pro\/hu\/"},{"@type":"ListItem","position":2,"name":"A felszerel\u00e9s sz\u00e1m\u00edt \u2013 ismerje meg a k\u00fcl\u00f6nbs\u00e9geket, \u00e9s hozzon l\u00e9tre egy verzi\u00f3t a francia piac sz\u00e1m\u00e1ra a CARET seg\u00edts\u00e9g\u00e9vel"}]},{"@type":"WebSite","@id":"https:\/\/www.caret.pro\/hu\/#website","url":"https:\/\/www.caret.pro\/hu\/","name":"Caret.Pro","description":"","potentialAction":[{"@type":"SearchAction","target":{"@type":"EntryPoint","urlTemplate":"https:\/\/www.caret.pro\/hu\/?s={search_term_string}"},"query-input":"required name=search_term_string"}],"inLanguage":"hu"},{"@type":"Person","@id":"https:\/\/www.caret.pro\/hu\/#\/schema\/person\/e2ec542a1d46d5e62a5a4c71a2937897","name":"piotr","image":{"@type":"ImageObject","inLanguage":"hu","@id":"https:\/\/www.caret.pro\/hu\/#\/schema\/person\/image\/","url":"https:\/\/secure.gravatar.com\/avatar\/764715db851c0160919fab6e646b9be0?s=96&d=mm&r=g","contentUrl":"https:\/\/secure.gravatar.com\/avatar\/764715db851c0160919fab6e646b9be0?s=96&d=mm&r=g","caption":"piotr"},"url":"https:\/\/www.caret.pro\/hu\/blog\/author\/piotr\/"}]}},"_links":{"self":[{"href":"https:\/\/www.caret.pro\/hu\/wp-json\/wp\/v2\/posts\/4906"}],"collection":[{"href":"https:\/\/www.caret.pro\/hu\/wp-json\/wp\/v2\/posts"}],"about":[{"href":"https:\/\/www.caret.pro\/hu\/wp-json\/wp\/v2\/types\/post"}],"author":[{"embeddable":true,"href":"https:\/\/www.caret.pro\/hu\/wp-json\/wp\/v2\/users\/1"}],"replies":[{"embeddable":true,"href":"https:\/\/www.caret.pro\/hu\/wp-json\/wp\/v2\/comments?post=4906"}],"version-history":[{"count":1,"href":"https:\/\/www.caret.pro\/hu\/wp-json\/wp\/v2\/posts\/4906\/revisions"}],"predecessor-version":[{"id":4908,"href":"https:\/\/www.caret.pro\/hu\/wp-json\/wp\/v2\/posts\/4906\/revisions\/4908"}],"wp:featuredmedia":[{"embeddable":true,"href":"https:\/\/www.caret.pro\/hu\/wp-json\/wp\/v2\/media\/1592"}],"wp:attachment":[{"href":"https:\/\/www.caret.pro\/hu\/wp-json\/wp\/v2\/media?parent=4906"}],"wp:term":[{"taxonomy":"category","embeddable":true,"href":"https:\/\/www.caret.pro\/hu\/wp-json\/wp\/v2\/categories?post=4906"},{"taxonomy":"post_tag","embeddable":true,"href":"https:\/\/www.caret.pro\/hu\/wp-json\/wp\/v2\/tags?post=4906"}],"curies":[{"name":"wp","href":"https:\/\/api.w.org\/{rel}","templated":true}]}}