{"id":5913,"date":"2024-04-30T10:52:07","date_gmt":"2024-04-30T08:52:07","guid":{"rendered":"https:\/\/www.caret.pro\/?p=5913"},"modified":"2024-04-30T10:52:09","modified_gmt":"2024-04-30T08:52:09","slug":"novedades-en-la-plataforma-caret","status":"publish","type":"post","link":"https:\/\/www.caret.pro\/es\/blog\/novedades-en-la-plataforma-caret\/","title":{"rendered":"Novedades en la plataforma CARET\u00a0\u00a0"},"content":{"rendered":"\n<figure class=\"wp-block-image\"><img loading=\"lazy\" decoding=\"async\" width=\"1200\" height=\"627\" src=\"https:\/\/www.caret.pro\/wp-content\/uploads\/2024\/04\/Projekt-bez-nazwy-64-2.jpg\" alt=\"\" class=\"wp-image-5894\" srcset=\"https:\/\/www.caret.pro\/wp-content\/uploads\/2024\/04\/Projekt-bez-nazwy-64-2.jpg 1200w, https:\/\/www.caret.pro\/wp-content\/uploads\/2024\/04\/Projekt-bez-nazwy-64-2-300x157.jpg 300w, https:\/\/www.caret.pro\/wp-content\/uploads\/2024\/04\/Projekt-bez-nazwy-64-2-1024x535.jpg 1024w, https:\/\/www.caret.pro\/wp-content\/uploads\/2024\/04\/Projekt-bez-nazwy-64-2-768x401.jpg 768w\" sizes=\"(max-width: 1200px) 100vw, 1200px\" \/><\/figure>\n\n\n\n<p>CARET ha realizado una importante actualizaci\u00f3n de su plataforma sobre m\u00e1rgenes de beneficio, selecci\u00f3n de las mejores ofertas y mejora de la usabilidad.\u00a0\u00a0CARET, el mercado B2B de automoci\u00f3n l\u00edder en Europa, ha anunciado hoy una importante actualizaci\u00f3n de su plataforma que permite a los clientes tomar decisiones de compra m\u00e1s informadas, maximizar los beneficios y agilizar sus compras de coches.\u00a0\u00a0<\/p>\n\n\n\n<p><strong>M\u00e1rgenes de beneficio: \u00a1un cambio radical en la rentabilidad!\u00a0\u00a0<\/strong><br>CARET introduce la revolucionaria funci\u00f3n Power Margin, que ofrece a los clientes una visi\u00f3n transparente del margen de beneficio potencial de cada veh\u00edculo. Esta funci\u00f3n \u00fanica utiliza datos de mercado para calcular la diferencia entre el precio de compra y el precio de venta potencial, dando a los clientes la ventaja para identificar las ofertas m\u00e1s lucrativas.\u00a0\u00a0<\/p>\n\n\n\n<p><strong>Descubra f\u00e1cilmente las mejores ofertas\u00a0<\/strong>\u00a0<br>La nueva p\u00e1gina \u00abBuscar\u00bb simplifica el proceso de b\u00fasqueda de las ofertas de coches m\u00e1s lucrativas. Los clientes pueden navegar f\u00e1cilmente por una selecci\u00f3n de veh\u00edculos ordenados por el mayor margen de beneficio potencial, asegur\u00e1ndose de que sacan el m\u00e1ximo provecho de cada compra.\u00a0\u00a0<\/p>\n\n\n\n<p><strong>Ergonom\u00eda mejorada para una experiencia de usuario intuitiva\u00a0\u00a0<\/strong><br>CARET ha redise\u00f1ado su plataforma haciendo hincapi\u00e9 en una navegaci\u00f3n intuitiva y un acceso simplificado a la informaci\u00f3n. La interfaz simplificada, combinada con potentes filtros de b\u00fasqueda, permite a los clientes localizar r\u00e1pidamente los veh\u00edculos que se ajustan a sus necesidades espec\u00edficas.\u00a0\u00a0<\/p>\n\n\n\n<p>\u00abCARET proporciona a los clientes las herramientas y la informaci\u00f3n que necesitan para tener \u00e9xito en el din\u00e1mico mercado de la automoci\u00f3n\u00bb, ha declarado Damian Ciesielczyk, CEO de CARET. \u00abEsta \u00faltima actualizaci\u00f3n demuestra nuestro compromiso continuo de ofrecer una experiencia B2B de automoci\u00f3n sin igual\u00bb. \u00ab&nbsp;&nbsp;<\/p>\n\n\n\n<p><strong>ACERCA DE CARET<\/strong>\u00a0\u00a0<br>CARET es la plataforma B2B de automoci\u00f3n l\u00edder en Europa, que conecta a m\u00e1s de 700 proveedores de confianza con una extensa red de clientes.\u00a0Con la mayor base de datos de autom\u00f3viles de la regi\u00f3n y un conjunto de herramientas avanzadas, CARET facilita transacciones fluidas y maximiza la rentabilidad de sus clientes.\u00a0<\/p>\n","protected":false},"excerpt":{"rendered":"<p>CARET ha realizado una importante actualizaci\u00f3n de su plataforma sobre m\u00e1rgenes de beneficio, selecci\u00f3n de las mejores ofertas y mejora de la usabilidad.\u00a0\u00a0CARET, el mercado B2B de automoci\u00f3n l\u00edder en Europa, ha anunciado hoy una importante actualizaci\u00f3n de su plataforma que permite a los clientes tomar decisiones de compra m\u00e1s informadas, maximizar los beneficios y [&hellip;]<\/p>\n","protected":false},"author":11,"featured_media":5894,"comment_status":"closed","ping_status":"closed","sticky":false,"template":"","format":"standard","meta":{"footnotes":""},"categories":[112],"tags":[],"acf":[],"yoast_head":"<!-- This site is optimized with the Yoast SEO plugin v22.6 - https:\/\/yoast.com\/wordpress\/plugins\/seo\/ -->\n<title>Novedades en la plataforma CARET\u00a0\u00a0 - Caret.Pro<\/title>\n<meta name=\"robots\" content=\"index, follow, max-snippet:-1, max-image-preview:large, max-video-preview:-1\" \/>\n<link rel=\"canonical\" href=\"https:\/\/www.caret.pro\/es\/blog\/novedades-en-la-plataforma-caret\/\" \/>\n<meta property=\"og:locale\" content=\"es_ES\" \/>\n<meta property=\"og:type\" content=\"article\" \/>\n<meta property=\"og:title\" content=\"Novedades en la plataforma CARET\u00a0\u00a0 - Caret.Pro\" \/>\n<meta property=\"og:description\" content=\"CARET ha realizado una importante actualizaci\u00f3n de su plataforma sobre m\u00e1rgenes de beneficio, selecci\u00f3n de las mejores ofertas y mejora de la usabilidad.\u00a0\u00a0CARET, el mercado B2B de automoci\u00f3n l\u00edder en Europa, ha anunciado hoy una importante actualizaci\u00f3n de su plataforma que permite a los clientes tomar decisiones de compra m\u00e1s informadas, maximizar los beneficios y [&hellip;]\" \/>\n<meta property=\"og:url\" content=\"https:\/\/www.caret.pro\/es\/blog\/novedades-en-la-plataforma-caret\/\" \/>\n<meta property=\"og:site_name\" content=\"Caret.Pro\" \/>\n<meta property=\"article:published_time\" content=\"2024-04-30T08:52:07+00:00\" \/>\n<meta property=\"article:modified_time\" content=\"2024-04-30T08:52:09+00:00\" \/>\n<meta property=\"og:image\" content=\"https:\/\/www.caret.pro\/wp-content\/uploads\/2024\/04\/Projekt-bez-nazwy-64-2.jpg\" \/>\n\t<meta property=\"og:image:width\" content=\"1200\" \/>\n\t<meta property=\"og:image:height\" content=\"627\" \/>\n\t<meta property=\"og:image:type\" content=\"image\/jpeg\" \/>\n<meta name=\"author\" content=\"Anna Celmer\" \/>\n<meta name=\"twitter:card\" content=\"summary_large_image\" \/>\n<meta name=\"twitter:label1\" content=\"Escrito por\" \/>\n\t<meta name=\"twitter:data1\" content=\"Anna Celmer\" \/>\n\t<meta name=\"twitter:label2\" content=\"Tiempo de lectura\" \/>\n\t<meta name=\"twitter:data2\" content=\"2 minutos\" \/>\n<script type=\"application\/ld+json\" class=\"yoast-schema-graph\">{\"@context\":\"https:\/\/schema.org\",\"@graph\":[{\"@type\":\"WebPage\",\"@id\":\"https:\/\/www.caret.pro\/es\/blog\/novedades-en-la-plataforma-caret\/\",\"url\":\"https:\/\/www.caret.pro\/es\/blog\/novedades-en-la-plataforma-caret\/\",\"name\":\"Novedades en la plataforma CARET\u00a0\u00a0 - Caret.Pro\",\"isPartOf\":{\"@id\":\"https:\/\/www.caret.pro\/es\/#website\"},\"primaryImageOfPage\":{\"@id\":\"https:\/\/www.caret.pro\/es\/blog\/novedades-en-la-plataforma-caret\/#primaryimage\"},\"image\":{\"@id\":\"https:\/\/www.caret.pro\/es\/blog\/novedades-en-la-plataforma-caret\/#primaryimage\"},\"thumbnailUrl\":\"https:\/\/www.caret.pro\/wp-content\/uploads\/2024\/04\/Projekt-bez-nazwy-64-2.jpg\",\"datePublished\":\"2024-04-30T08:52:07+00:00\",\"dateModified\":\"2024-04-30T08:52:09+00:00\",\"author\":{\"@id\":\"https:\/\/www.caret.pro\/es\/#\/schema\/person\/6a6ec89d5ecaf9d43a536d58b0ac21c9\"},\"breadcrumb\":{\"@id\":\"https:\/\/www.caret.pro\/es\/blog\/novedades-en-la-plataforma-caret\/#breadcrumb\"},\"inLanguage\":\"es\",\"potentialAction\":[{\"@type\":\"ReadAction\",\"target\":[\"https:\/\/www.caret.pro\/es\/blog\/novedades-en-la-plataforma-caret\/\"]}]},{\"@type\":\"ImageObject\",\"inLanguage\":\"es\",\"@id\":\"https:\/\/www.caret.pro\/es\/blog\/novedades-en-la-plataforma-caret\/#primaryimage\",\"url\":\"https:\/\/www.caret.pro\/wp-content\/uploads\/2024\/04\/Projekt-bez-nazwy-64-2.jpg\",\"contentUrl\":\"https:\/\/www.caret.pro\/wp-content\/uploads\/2024\/04\/Projekt-bez-nazwy-64-2.jpg\",\"width\":1200,\"height\":627},{\"@type\":\"BreadcrumbList\",\"@id\":\"https:\/\/www.caret.pro\/es\/blog\/novedades-en-la-plataforma-caret\/#breadcrumb\",\"itemListElement\":[{\"@type\":\"ListItem\",\"position\":1,\"name\":\"Home\",\"item\":\"https:\/\/www.caret.pro\/es\/\"},{\"@type\":\"ListItem\",\"position\":2,\"name\":\"Novedades en la plataforma CARET\u00a0\u00a0\"}]},{\"@type\":\"WebSite\",\"@id\":\"https:\/\/www.caret.pro\/es\/#website\",\"url\":\"https:\/\/www.caret.pro\/es\/\",\"name\":\"Caret.Pro\",\"description\":\"\",\"potentialAction\":[{\"@type\":\"SearchAction\",\"target\":{\"@type\":\"EntryPoint\",\"urlTemplate\":\"https:\/\/www.caret.pro\/es\/?s={search_term_string}\"},\"query-input\":\"required name=search_term_string\"}],\"inLanguage\":\"es\"},{\"@type\":\"Person\",\"@id\":\"https:\/\/www.caret.pro\/es\/#\/schema\/person\/6a6ec89d5ecaf9d43a536d58b0ac21c9\",\"name\":\"Anna Celmer\",\"image\":{\"@type\":\"ImageObject\",\"inLanguage\":\"es\",\"@id\":\"https:\/\/www.caret.pro\/es\/#\/schema\/person\/image\/\",\"url\":\"https:\/\/secure.gravatar.com\/avatar\/c4acf8b01675cc732e0c7fb43d3b3f75?s=96&d=mm&r=g\",\"contentUrl\":\"https:\/\/secure.gravatar.com\/avatar\/c4acf8b01675cc732e0c7fb43d3b3f75?s=96&d=mm&r=g\",\"caption\":\"Anna Celmer\"},\"url\":\"https:\/\/www.caret.pro\/es\/blog\/author\/anna-celmer\/\"}]}<\/script>\n<!-- \/ Yoast SEO plugin. -->","yoast_head_json":{"title":"Novedades en la plataforma CARET\u00a0\u00a0 - Caret.Pro","robots":{"index":"index","follow":"follow","max-snippet":"max-snippet:-1","max-image-preview":"max-image-preview:large","max-video-preview":"max-video-preview:-1"},"canonical":"https:\/\/www.caret.pro\/es\/blog\/novedades-en-la-plataforma-caret\/","og_locale":"es_ES","og_type":"article","og_title":"Novedades en la plataforma CARET\u00a0\u00a0 - Caret.Pro","og_description":"CARET ha realizado una importante actualizaci\u00f3n de su plataforma sobre m\u00e1rgenes de beneficio, selecci\u00f3n de las mejores ofertas y mejora de la usabilidad.\u00a0\u00a0CARET, el mercado B2B de automoci\u00f3n l\u00edder en Europa, ha anunciado hoy una importante actualizaci\u00f3n de su plataforma que permite a los clientes tomar decisiones de compra m\u00e1s informadas, maximizar los beneficios y [&hellip;]","og_url":"https:\/\/www.caret.pro\/es\/blog\/novedades-en-la-plataforma-caret\/","og_site_name":"Caret.Pro","article_published_time":"2024-04-30T08:52:07+00:00","article_modified_time":"2024-04-30T08:52:09+00:00","og_image":[{"width":1200,"height":627,"url":"https:\/\/www.caret.pro\/wp-content\/uploads\/2024\/04\/Projekt-bez-nazwy-64-2.jpg","type":"image\/jpeg"}],"author":"Anna Celmer","twitter_card":"summary_large_image","twitter_misc":{"Escrito por":"Anna Celmer","Tiempo de lectura":"2 minutos"},"schema":{"@context":"https:\/\/schema.org","@graph":[{"@type":"WebPage","@id":"https:\/\/www.caret.pro\/es\/blog\/novedades-en-la-plataforma-caret\/","url":"https:\/\/www.caret.pro\/es\/blog\/novedades-en-la-plataforma-caret\/","name":"Novedades en la plataforma CARET\u00a0\u00a0 - Caret.Pro","isPartOf":{"@id":"https:\/\/www.caret.pro\/es\/#website"},"primaryImageOfPage":{"@id":"https:\/\/www.caret.pro\/es\/blog\/novedades-en-la-plataforma-caret\/#primaryimage"},"image":{"@id":"https:\/\/www.caret.pro\/es\/blog\/novedades-en-la-plataforma-caret\/#primaryimage"},"thumbnailUrl":"https:\/\/www.caret.pro\/wp-content\/uploads\/2024\/04\/Projekt-bez-nazwy-64-2.jpg","datePublished":"2024-04-30T08:52:07+00:00","dateModified":"2024-04-30T08:52:09+00:00","author":{"@id":"https:\/\/www.caret.pro\/es\/#\/schema\/person\/6a6ec89d5ecaf9d43a536d58b0ac21c9"},"breadcrumb":{"@id":"https:\/\/www.caret.pro\/es\/blog\/novedades-en-la-plataforma-caret\/#breadcrumb"},"inLanguage":"es","potentialAction":[{"@type":"ReadAction","target":["https:\/\/www.caret.pro\/es\/blog\/novedades-en-la-plataforma-caret\/"]}]},{"@type":"ImageObject","inLanguage":"es","@id":"https:\/\/www.caret.pro\/es\/blog\/novedades-en-la-plataforma-caret\/#primaryimage","url":"https:\/\/www.caret.pro\/wp-content\/uploads\/2024\/04\/Projekt-bez-nazwy-64-2.jpg","contentUrl":"https:\/\/www.caret.pro\/wp-content\/uploads\/2024\/04\/Projekt-bez-nazwy-64-2.jpg","width":1200,"height":627},{"@type":"BreadcrumbList","@id":"https:\/\/www.caret.pro\/es\/blog\/novedades-en-la-plataforma-caret\/#breadcrumb","itemListElement":[{"@type":"ListItem","position":1,"name":"Home","item":"https:\/\/www.caret.pro\/es\/"},{"@type":"ListItem","position":2,"name":"Novedades en la plataforma CARET\u00a0\u00a0"}]},{"@type":"WebSite","@id":"https:\/\/www.caret.pro\/es\/#website","url":"https:\/\/www.caret.pro\/es\/","name":"Caret.Pro","description":"","potentialAction":[{"@type":"SearchAction","target":{"@type":"EntryPoint","urlTemplate":"https:\/\/www.caret.pro\/es\/?s={search_term_string}"},"query-input":"required name=search_term_string"}],"inLanguage":"es"},{"@type":"Person","@id":"https:\/\/www.caret.pro\/es\/#\/schema\/person\/6a6ec89d5ecaf9d43a536d58b0ac21c9","name":"Anna Celmer","image":{"@type":"ImageObject","inLanguage":"es","@id":"https:\/\/www.caret.pro\/es\/#\/schema\/person\/image\/","url":"https:\/\/secure.gravatar.com\/avatar\/c4acf8b01675cc732e0c7fb43d3b3f75?s=96&d=mm&r=g","contentUrl":"https:\/\/secure.gravatar.com\/avatar\/c4acf8b01675cc732e0c7fb43d3b3f75?s=96&d=mm&r=g","caption":"Anna Celmer"},"url":"https:\/\/www.caret.pro\/es\/blog\/author\/anna-celmer\/"}]}},"_links":{"self":[{"href":"https:\/\/www.caret.pro\/es\/wp-json\/wp\/v2\/posts\/5913"}],"collection":[{"href":"https:\/\/www.caret.pro\/es\/wp-json\/wp\/v2\/posts"}],"about":[{"href":"https:\/\/www.caret.pro\/es\/wp-json\/wp\/v2\/types\/post"}],"author":[{"embeddable":true,"href":"https:\/\/www.caret.pro\/es\/wp-json\/wp\/v2\/users\/11"}],"replies":[{"embeddable":true,"href":"https:\/\/www.caret.pro\/es\/wp-json\/wp\/v2\/comments?post=5913"}],"version-history":[{"count":2,"href":"https:\/\/www.caret.pro\/es\/wp-json\/wp\/v2\/posts\/5913\/revisions"}],"predecessor-version":[{"id":5915,"href":"https:\/\/www.caret.pro\/es\/wp-json\/wp\/v2\/posts\/5913\/revisions\/5915"}],"wp:featuredmedia":[{"embeddable":true,"href":"https:\/\/www.caret.pro\/es\/wp-json\/wp\/v2\/media\/5894"}],"wp:attachment":[{"href":"https:\/\/www.caret.pro\/es\/wp-json\/wp\/v2\/media?parent=5913"}],"wp:term":[{"taxonomy":"category","embeddable":true,"href":"https:\/\/www.caret.pro\/es\/wp-json\/wp\/v2\/categories?post=5913"},{"taxonomy":"post_tag","embeddable":true,"href":"https:\/\/www.caret.pro\/es\/wp-json\/wp\/v2\/tags?post=5913"}],"curies":[{"name":"wp","href":"https:\/\/api.w.org\/{rel}","templated":true}]}}