{"id":5564,"date":"2024-03-19T09:27:22","date_gmt":"2024-03-19T08:27:22","guid":{"rendered":"https:\/\/www.caret.pro\/?p=5564"},"modified":"2024-03-20T13:54:19","modified_gmt":"2024-03-20T12:54:19","slug":"crecimiento-en-los-mercados-europeos-de-francia-italia-y-espana","status":"publish","type":"post","link":"https:\/\/www.caret.pro\/es\/blog\/crecimiento-en-los-mercados-europeos-de-francia-italia-y-espana\/","title":{"rendered":"Crecimiento en los mercados europeos de Francia, Italia y Espa\u00f1a\u00a0\u00a0"},"content":{"rendered":"\n<figure class=\"wp-block-image\"><img loading=\"lazy\" decoding=\"async\" width=\"1200\" height=\"627\" src=\"https:\/\/www.caret.pro\/wp-content\/uploads\/2024\/03\/Projekt-bez-nazwy-2024-03-18T112605.795.jpg\" alt=\"\" class=\"wp-image-5521\" srcset=\"https:\/\/www.caret.pro\/wp-content\/uploads\/2024\/03\/Projekt-bez-nazwy-2024-03-18T112605.795.jpg 1200w, https:\/\/www.caret.pro\/wp-content\/uploads\/2024\/03\/Projekt-bez-nazwy-2024-03-18T112605.795-300x157.jpg 300w, https:\/\/www.caret.pro\/wp-content\/uploads\/2024\/03\/Projekt-bez-nazwy-2024-03-18T112605.795-1024x535.jpg 1024w, https:\/\/www.caret.pro\/wp-content\/uploads\/2024\/03\/Projekt-bez-nazwy-2024-03-18T112605.795-768x401.jpg 768w\" sizes=\"(max-width: 1200px) 100vw, 1200px\" \/><\/figure>\n\n\n\n<p>Algunos de los mercados automovil\u00edsticos m\u00e1s importantes de Europa, Francia, Italia y Espa\u00f1a, han tenido un buen comienzo en 2024, con cifras de matriculaciones en febrero que muestran un crecimiento significativo. Las cifras muestran que los mercados nacionales siguen funcionando bien a pesar de los retos de los \u00faltimos a\u00f1os y no muestran signos de desaceleraci\u00f3n. Mientras que en Francia se observa un inter\u00e9s por todo tipo de cadenas cinem\u00e1ticas, tanto en Italia como en Espa\u00f1a los coches de gasolina y los h\u00edbridos impulsan cada vez m\u00e1s sus mercados.\u00a0\u00a0<\/p>\n\n\n\n<p><strong>Impulso de los veh\u00edculos el\u00e9ctricos (BEV) en Francia<\/strong>&nbsp;<\/p>\n\n\n\n<p>Seg\u00fan datos de la Fili\u00e8re Automobile &amp; Mobilit\u00e9s (PFA), el mercado automovil\u00edstico franc\u00e9s registr\u00f3 un aumento del 13% en las matriculaciones de veh\u00edculos nuevos en febrero. Fue el mejor resultado del mes entre los tres principales mercados europeos. Francia tambi\u00e9n mostr\u00f3 diversidad en la elecci\u00f3n de las cadenas cinem\u00e1ticas. Las matriculaciones de veh\u00edculos con motor de gasolina aumentaron s\u00f3lo un 2% interanual, tras la ca\u00edda de las entregas en enero. Al mismo tiempo, con un descenso significativo de las matriculaciones de veh\u00edculos di\u00e9sel del 30,5% durante el mes, el mercado de motores de combusti\u00f3n interna (ICE) registr\u00f3 un 5,7% menos de matriculaciones. El descenso de la popularidad del gas\u00f3leo en la mayor\u00eda de los mercados europeos afect\u00f3 a las matriculaciones de veh\u00edculos con motor de combusti\u00f3n interna (MCI). Sin embargo, la mayor parte de la cuota perdida se ha compensado con un aumento de las matriculaciones de veh\u00edculos con motor de gasolina.Francia vive actualmente un punto de inflexi\u00f3n, en el que los modelos el\u00e9ctricos est\u00e1n ganando ventaja a los veh\u00edculos con motor de combusti\u00f3n.Los resultados de las matriculaciones de veh\u00edculos el\u00e9ctricos (BEV) confirman esta tendencia. Su n\u00famero ha aumentado un 31,9% con respecto a febrero de 2023. Se han convertido en la segunda opci\u00f3n m\u00e1s popular en el pa\u00eds.Aunque sigue existiendo una diferencia entre los veh\u00edculos el\u00e9ctricos y los de gasolina, es menor que en enero, ya que las matriculaciones de BEV superan a las de gasolina en la mitad.En t\u00e9rminos de cuota de mercado, la gasolina represent\u00f3 el 33,7% en febrero, 3,6 puntos porcentuales menos que el a\u00f1o anterior.La cuota de los veh\u00edculos el\u00e9ctricos puros (BEV) ascendi\u00f3 al 18,1%, lo que supone un aumento de 2,6 puntos porcentuales en comparaci\u00f3n con el mismo mes del a\u00f1o anterior.Parece que esta tecnolog\u00eda est\u00e1 ganando popularidad en Francia.&nbsp;&nbsp;<\/p>\n\n\n\n<figure class=\"wp-block-image\"><img loading=\"lazy\" decoding=\"async\" width=\"464\" height=\"463\" src=\"https:\/\/www.caret.pro\/wp-content\/uploads\/2024\/03\/France.png\" alt=\"\" class=\"wp-image-5529\" srcset=\"https:\/\/www.caret.pro\/wp-content\/uploads\/2024\/03\/France.png 464w, https:\/\/www.caret.pro\/wp-content\/uploads\/2024\/03\/France-300x300.png 300w, https:\/\/www.caret.pro\/wp-content\/uploads\/2024\/03\/France-150x150.png 150w\" sizes=\"(max-width: 464px) 100vw, 464px\" \/><\/figure>\n\n\n\n<p>Los modelos totalmente h\u00edbridos (HEV) tambi\u00e9n registraron un aumento el mes pasado, un 28,8% interanual. Sin embargo, esto no fue suficiente para mantener a esta cadena cinem\u00e1tica en segundo lugar. A pesar de ello, la cuota de mercado de los HEV aument\u00f3 dos puntos porcentuales, hasta el 16,7%.&nbsp;&nbsp;<\/p>\n\n\n\n<p>Las cifras francesas muestran tambi\u00e9n un creciente inter\u00e9s por los h\u00edbridos suaves (MHEV), que ofrecen apoyo el\u00e9ctrico a los propulsores de combusti\u00f3n pero no disponen de autonom\u00eda el\u00e9ctrica propia.Las matriculaciones de estos veh\u00edculos aumentaron un 63,7% durante el mes y una cuota de mercado del 12,2%.El mercado de los veh\u00edculos h\u00edbridos enchufables (PHEV) se recuper\u00f3 tras un d\u00e9bil comportamiento en enero.Las matriculaciones aumentaron un 11,9% interanual.A pesar de ello, esta tecnolog\u00eda sigue siendo el grupo motopropulsor m\u00e1s d\u00e9bil de la corriente principal, fuera de la categor\u00eda \u00abotros\u00bb.Perdi\u00f3 0,1 puntos porcentuales de cuota de mercado durante el mes, situ\u00e1ndose en el 8,2% del total.&nbsp;<\/p>\n\n\n\n<p>Las cifras francesas de principios de a\u00f1o muestran tendencias similares a las de febrero, ya que los resultados combinados de los dos primeros meses de 2024 muestran que las entregas de veh\u00edculos de gasolina cayeron un 0,7%, mientras que los veh\u00edculos el\u00e9ctricos (BEV) pasaron al segundo lugar con un aumento del 33,9% en las entregas.Es posible que el mercado est\u00e9 asistiendo a un cambio en el predominio de un \u00fanico sistema de propulsi\u00f3n, ya que ninguna tecnolog\u00eda desempe\u00f1a un papel significativo en el total de matriculaciones.&nbsp;<\/p>\n\n\n\n<p><strong>Crece la cuota de los coches de gasolina en Italia<\/strong>&nbsp;&nbsp;<\/p>\n\n\n\n<p>El mercado automovil\u00edstico italiano registra un crecimiento en el segmento de la gasolina.&nbsp;&nbsp;<\/p>\n\n\n\n<p>Seg\u00fan las \u00faltimas cifras de la autoridad italiana del autom\u00f3vil ANFIA, las matriculaciones de coches nuevos en Italia aumentaron un 12,8% en febrero.&nbsp;<\/p>\n\n\n\n<p>Italia lleva mucho tiempo apostando por las cadenas cinem\u00e1ticas h\u00edbridas, y ANFIA combina en esta categor\u00eda tanto los HEV como los MHEV.Esta tendencia tambi\u00e9n se mantuvo en febrero, con un aumento de las entregas de h\u00edbridos del 16,1%.&nbsp;&nbsp;<\/p>\n\n\n\n<p>Sin embargo, al contrario que en Francia, los motores de gasolina experimentaron un aumento de popularidad en febrero.Su n\u00famero aument\u00f3 un 33,4% el mes pasado, aunque las 45.901 matriculaciones fueron menos de 10.000 unidades menos que las de h\u00edbridos.Sin embargo, este crecimiento tambi\u00e9n se tradujo en un aumento significativo de la cuota de mercado, que se situ\u00f3 en el 31,2%, frente al 26,4% del mismo periodo del a\u00f1o anterior. En el caso de los motores di\u00e9sel, las matriculaciones cayeron un 11,8% y su cuota de mercado se redujo al 14,6%.No obstante, las 21.455 unidades entregadas siguen siendo superiores a las de otros grandes mercados europeos, con la excepci\u00f3n de Alemania. El rendimiento de la gasolina contribuy\u00f3 a una mejora de la cuota de mercado global de los motores de combusti\u00f3n interna (MCI), aunque s\u00f3lo en 0,7 puntos porcentuales, alcanzando el 45,8%.&nbsp;<\/p>\n\n\n\n<figure class=\"wp-block-image\"><img loading=\"lazy\" decoding=\"async\" width=\"488\" height=\"479\" src=\"https:\/\/www.caret.pro\/wp-content\/uploads\/2024\/03\/ITALIA.png\" alt=\"\" class=\"wp-image-5538\" srcset=\"https:\/\/www.caret.pro\/wp-content\/uploads\/2024\/03\/ITALIA.png 488w, https:\/\/www.caret.pro\/wp-content\/uploads\/2024\/03\/ITALIA-300x294.png 300w\" sizes=\"(max-width: 488px) 100vw, 488px\" \/><\/figure>\n\n\n\n<p>A diferencia del mercado franc\u00e9s, Italia es en gran medida un pa\u00eds de dos motores, con los h\u00edbridos y los modelos de gasolina a la cabeza. Esto repercute negativamente en el mercado de veh\u00edculos el\u00e9ctricos (VE), donde los modelos BEV y PHEV tienen dificultades.&nbsp;&nbsp;<\/p>\n\n\n\n<p>En febrero s\u00f3lo se matricularon 5.007 turismos totalmente el\u00e9ctricos.&nbsp;<\/p>\n\n\n\n<p>Esto representa un aumento interanual del 3,1%, pero la cuota de este tipo de propulsi\u00f3n fue s\u00f3lo del 3,4% del mercado total, lo que supone un descenso de 0,3 puntos porcentuales. Los PHEV lo pasaron a\u00fan peor. Sus matriculaciones cayeron un 16,6%, hasta las 4.662 entregas.Su cuota de mercado fue del 3,2%, por debajo del 4,3% del a\u00f1o pasado.Las entregas totales de veh\u00edculos el\u00e9ctricos en febrero cayeron un 7,4%, representando s\u00f3lo el 6,6% de todas las matriculaciones.&nbsp;<\/p>\n\n\n\n<p>En los dos primeros meses del a\u00f1o, las matriculaciones de h\u00edbridos aumentaron un 15,2%, mientras que las de gasolina registraron un incremento del 30,1%. A pesar de una ca\u00edda del 10,2% en las matriculaciones de veh\u00edculos di\u00e9sel en 2024, las matriculaciones de motores de combusti\u00f3n interna (ICE) aumentaron un 13,4% en total.Los BEV han tenido problemas hasta ahora, con un descenso de las entregas del 2,7%, mientras que los PHEV registraron un descenso del 25,2%. En conjunto, las matriculaciones de veh\u00edculos el\u00e9ctricos aumentaron un 43% en enero y febrero. ANFIA espera que la situaci\u00f3n de los veh\u00edculos el\u00e9ctricos mejore tras la publicaci\u00f3n del nuevo decreto del Primer Ministro italiano, que incluye incentivos para renovar el parque automovil\u00edstico del pa\u00eds y planes para ayudar a reducir las emisiones de CO2. Hasta que la nueva ley entre en vigor, el mercado sigue en el limbo, ya que quienes se plantean adquirir un veh\u00edculo el\u00e9ctrico esperan mejores incentivos para comprar.&nbsp;&nbsp;<\/p>\n\n\n\n<p><strong>Espa\u00f1a se enfrenta a un estancamiento de las matriculaciones<\/strong>&nbsp;&nbsp;<\/p>\n\n\n\n<p>Hay un cauto optimismo en el mercado automovil\u00edstico espa\u00f1ol, despu\u00e9s de que un aumento del 9,9% en las matriculaciones, comunicado por ANFAC, ampliara a 14 meses una serie de cifras positivas en el pa\u00eds. Sin embargo, el mercado de veh\u00edculos el\u00e9ctricos en Espa\u00f1a sigue en un nivel bajo. Las autoridades han insistido en la necesidad de aumentar las matriculaciones para superar la barrera del mill\u00f3n de coches nuevos en 2024.&nbsp;&nbsp;<\/p>\n\n\n\n<figure class=\"wp-block-image\"><img loading=\"lazy\" decoding=\"async\" width=\"490\" height=\"502\" src=\"https:\/\/www.caret.pro\/wp-content\/uploads\/2024\/03\/SPAIN.png\" alt=\"\" class=\"wp-image-5546\" srcset=\"https:\/\/www.caret.pro\/wp-content\/uploads\/2024\/03\/SPAIN.png 490w, https:\/\/www.caret.pro\/wp-content\/uploads\/2024\/03\/SPAIN-293x300.png 293w\" sizes=\"(max-width: 490px) 100vw, 490px\" \/><\/figure>\n\n\n\n<p>La mayor\u00eda de los turismos matriculados son veh\u00edculos de gasolina (40,1%).Sin embargo, al igual que en Francia, el mercado de este tipo de combustible parece ralentizarse. El porcentaje de unidades entregadas s\u00f3lo aument\u00f3 un 3,7% con respecto al a\u00f1o pasado.A pesar de esta mejora, la cuota de mercado de los veh\u00edculos de gasolina cay\u00f3 del 42,6% en febrero de 2023, lo que sugiere un posible enfriamiento del inter\u00e9s. El mayor crecimiento se registr\u00f3 en el mercado h\u00edbrido, que incluye los HEV y los MHEV, con un 26,6% de aumento interanual. Esto significa que los propulsores h\u00edbridos representaron el 35,2% del mercado, frente al 30,6% del a\u00f1o anterior. As\u00ed pues, otro pa\u00eds se dirige a un sector menos diversificado, basado en dos cadenas cinem\u00e1ticas principales. Espa\u00f1a est\u00e1 intentando animar a los compradores a adquirir veh\u00edculos el\u00e9ctricos. Tanto los BEV como los PHEV experimentaron mejoras durante el mes, con un aumento del 15,4% en los propulsores totalmente el\u00e9ctricos. Sin embargo, esta mejora s\u00f3lo equivale a una cuota de mercado del 4,7%. Los PHEV experimentaron un aumento del 15,6% en febrero y representaron el 6,8% de la cuota de mercado.&nbsp;<\/p>\n\n\n\n<p>Por este motivo, los PHEV siguen siendo la cadena cinem\u00e1tica enchufable m\u00e1s popular en Espa\u00f1a, lo que supone un problema para el pa\u00eds en t\u00e9rminos de reducci\u00f3n de las emisiones de CO2 de los veh\u00edculos.Son los PHEV y los HEV, que siguen emitiendo gases de efecto invernadero, los que deber\u00edan reducir gradualmente las emisiones medias de CO2 del pa\u00eds, anticip\u00e1ndose a la madurez del mercado de los BEV.&nbsp;<\/p>\n","protected":false},"excerpt":{"rendered":"<p>Algunos de los mercados automovil\u00edsticos m\u00e1s importantes de Europa, Francia, Italia y Espa\u00f1a, han tenido un buen comienzo en 2024, con cifras de matriculaciones en febrero que muestran un crecimiento significativo. Las cifras muestran que los mercados nacionales siguen funcionando bien a pesar de los retos de los \u00faltimos a\u00f1os y no muestran signos de [&hellip;]<\/p>\n","protected":false},"author":11,"featured_media":5521,"comment_status":"closed","ping_status":"closed","sticky":false,"template":"","format":"standard","meta":{"footnotes":""},"categories":[159,108,39],"tags":[],"acf":[],"yoast_head":"<!-- This site is optimized with the Yoast SEO plugin v22.6 - https:\/\/yoast.com\/wordpress\/plugins\/seo\/ -->\n<title>Crecimiento en los mercados europeos de Francia, Italia y Espa\u00f1a\u00a0\u00a0 - Caret.Pro<\/title>\n<meta name=\"robots\" content=\"index, follow, max-snippet:-1, max-image-preview:large, max-video-preview:-1\" \/>\n<link rel=\"canonical\" href=\"https:\/\/www.caret.pro\/es\/blog\/crecimiento-en-los-mercados-europeos-de-francia-italia-y-espana\/\" \/>\n<meta property=\"og:locale\" content=\"es_ES\" \/>\n<meta property=\"og:type\" content=\"article\" \/>\n<meta property=\"og:title\" content=\"Crecimiento en los mercados europeos de Francia, Italia y Espa\u00f1a\u00a0\u00a0 - Caret.Pro\" \/>\n<meta property=\"og:description\" content=\"Algunos de los mercados automovil\u00edsticos m\u00e1s importantes de Europa, Francia, Italia y Espa\u00f1a, han tenido un buen comienzo en 2024, con cifras de matriculaciones en febrero que muestran un crecimiento significativo. Las cifras muestran que los mercados nacionales siguen funcionando bien a pesar de los retos de los \u00faltimos a\u00f1os y no muestran signos de [&hellip;]\" \/>\n<meta property=\"og:url\" content=\"https:\/\/www.caret.pro\/es\/blog\/crecimiento-en-los-mercados-europeos-de-francia-italia-y-espana\/\" \/>\n<meta property=\"og:site_name\" content=\"Caret.Pro\" \/>\n<meta property=\"article:published_time\" content=\"2024-03-19T08:27:22+00:00\" \/>\n<meta property=\"article:modified_time\" content=\"2024-03-20T12:54:19+00:00\" \/>\n<meta property=\"og:image\" content=\"https:\/\/www.caret.pro\/wp-content\/uploads\/2024\/03\/Projekt-bez-nazwy-2024-03-18T112605.795.jpg\" \/>\n\t<meta property=\"og:image:width\" content=\"1200\" \/>\n\t<meta property=\"og:image:height\" content=\"627\" \/>\n\t<meta property=\"og:image:type\" content=\"image\/jpeg\" \/>\n<meta name=\"author\" content=\"Anna Celmer\" \/>\n<meta name=\"twitter:card\" content=\"summary_large_image\" \/>\n<meta name=\"twitter:label1\" content=\"Escrito por\" \/>\n\t<meta name=\"twitter:data1\" content=\"Anna Celmer\" \/>\n\t<meta name=\"twitter:label2\" content=\"Tiempo de lectura\" \/>\n\t<meta name=\"twitter:data2\" content=\"8 minutos\" \/>\n<script type=\"application\/ld+json\" class=\"yoast-schema-graph\">{\"@context\":\"https:\/\/schema.org\",\"@graph\":[{\"@type\":\"WebPage\",\"@id\":\"https:\/\/www.caret.pro\/es\/blog\/crecimiento-en-los-mercados-europeos-de-francia-italia-y-espana\/\",\"url\":\"https:\/\/www.caret.pro\/es\/blog\/crecimiento-en-los-mercados-europeos-de-francia-italia-y-espana\/\",\"name\":\"Crecimiento en los mercados europeos de Francia, Italia y Espa\u00f1a\u00a0\u00a0 - Caret.Pro\",\"isPartOf\":{\"@id\":\"https:\/\/www.caret.pro\/es\/#website\"},\"primaryImageOfPage\":{\"@id\":\"https:\/\/www.caret.pro\/es\/blog\/crecimiento-en-los-mercados-europeos-de-francia-italia-y-espana\/#primaryimage\"},\"image\":{\"@id\":\"https:\/\/www.caret.pro\/es\/blog\/crecimiento-en-los-mercados-europeos-de-francia-italia-y-espana\/#primaryimage\"},\"thumbnailUrl\":\"https:\/\/www.caret.pro\/wp-content\/uploads\/2024\/03\/Projekt-bez-nazwy-2024-03-18T112605.795.jpg\",\"datePublished\":\"2024-03-19T08:27:22+00:00\",\"dateModified\":\"2024-03-20T12:54:19+00:00\",\"author\":{\"@id\":\"https:\/\/www.caret.pro\/es\/#\/schema\/person\/6a6ec89d5ecaf9d43a536d58b0ac21c9\"},\"breadcrumb\":{\"@id\":\"https:\/\/www.caret.pro\/es\/blog\/crecimiento-en-los-mercados-europeos-de-francia-italia-y-espana\/#breadcrumb\"},\"inLanguage\":\"es\",\"potentialAction\":[{\"@type\":\"ReadAction\",\"target\":[\"https:\/\/www.caret.pro\/es\/blog\/crecimiento-en-los-mercados-europeos-de-francia-italia-y-espana\/\"]}]},{\"@type\":\"ImageObject\",\"inLanguage\":\"es\",\"@id\":\"https:\/\/www.caret.pro\/es\/blog\/crecimiento-en-los-mercados-europeos-de-francia-italia-y-espana\/#primaryimage\",\"url\":\"https:\/\/www.caret.pro\/wp-content\/uploads\/2024\/03\/Projekt-bez-nazwy-2024-03-18T112605.795.jpg\",\"contentUrl\":\"https:\/\/www.caret.pro\/wp-content\/uploads\/2024\/03\/Projekt-bez-nazwy-2024-03-18T112605.795.jpg\",\"width\":1200,\"height\":627},{\"@type\":\"BreadcrumbList\",\"@id\":\"https:\/\/www.caret.pro\/es\/blog\/crecimiento-en-los-mercados-europeos-de-francia-italia-y-espana\/#breadcrumb\",\"itemListElement\":[{\"@type\":\"ListItem\",\"position\":1,\"name\":\"Home\",\"item\":\"https:\/\/www.caret.pro\/es\/\"},{\"@type\":\"ListItem\",\"position\":2,\"name\":\"Crecimiento en los mercados europeos de Francia, Italia y Espa\u00f1a\u00a0\u00a0\"}]},{\"@type\":\"WebSite\",\"@id\":\"https:\/\/www.caret.pro\/es\/#website\",\"url\":\"https:\/\/www.caret.pro\/es\/\",\"name\":\"Caret.Pro\",\"description\":\"\",\"potentialAction\":[{\"@type\":\"SearchAction\",\"target\":{\"@type\":\"EntryPoint\",\"urlTemplate\":\"https:\/\/www.caret.pro\/es\/?s={search_term_string}\"},\"query-input\":\"required name=search_term_string\"}],\"inLanguage\":\"es\"},{\"@type\":\"Person\",\"@id\":\"https:\/\/www.caret.pro\/es\/#\/schema\/person\/6a6ec89d5ecaf9d43a536d58b0ac21c9\",\"name\":\"Anna Celmer\",\"image\":{\"@type\":\"ImageObject\",\"inLanguage\":\"es\",\"@id\":\"https:\/\/www.caret.pro\/es\/#\/schema\/person\/image\/\",\"url\":\"https:\/\/secure.gravatar.com\/avatar\/c4acf8b01675cc732e0c7fb43d3b3f75?s=96&d=mm&r=g\",\"contentUrl\":\"https:\/\/secure.gravatar.com\/avatar\/c4acf8b01675cc732e0c7fb43d3b3f75?s=96&d=mm&r=g\",\"caption\":\"Anna Celmer\"},\"url\":\"https:\/\/www.caret.pro\/es\/blog\/author\/anna-celmer\/\"}]}<\/script>\n<!-- \/ Yoast SEO plugin. -->","yoast_head_json":{"title":"Crecimiento en los mercados europeos de Francia, Italia y Espa\u00f1a\u00a0\u00a0 - Caret.Pro","robots":{"index":"index","follow":"follow","max-snippet":"max-snippet:-1","max-image-preview":"max-image-preview:large","max-video-preview":"max-video-preview:-1"},"canonical":"https:\/\/www.caret.pro\/es\/blog\/crecimiento-en-los-mercados-europeos-de-francia-italia-y-espana\/","og_locale":"es_ES","og_type":"article","og_title":"Crecimiento en los mercados europeos de Francia, Italia y Espa\u00f1a\u00a0\u00a0 - Caret.Pro","og_description":"Algunos de los mercados automovil\u00edsticos m\u00e1s importantes de Europa, Francia, Italia y Espa\u00f1a, han tenido un buen comienzo en 2024, con cifras de matriculaciones en febrero que muestran un crecimiento significativo. Las cifras muestran que los mercados nacionales siguen funcionando bien a pesar de los retos de los \u00faltimos a\u00f1os y no muestran signos de [&hellip;]","og_url":"https:\/\/www.caret.pro\/es\/blog\/crecimiento-en-los-mercados-europeos-de-francia-italia-y-espana\/","og_site_name":"Caret.Pro","article_published_time":"2024-03-19T08:27:22+00:00","article_modified_time":"2024-03-20T12:54:19+00:00","og_image":[{"width":1200,"height":627,"url":"https:\/\/www.caret.pro\/wp-content\/uploads\/2024\/03\/Projekt-bez-nazwy-2024-03-18T112605.795.jpg","type":"image\/jpeg"}],"author":"Anna Celmer","twitter_card":"summary_large_image","twitter_misc":{"Escrito por":"Anna Celmer","Tiempo de lectura":"8 minutos"},"schema":{"@context":"https:\/\/schema.org","@graph":[{"@type":"WebPage","@id":"https:\/\/www.caret.pro\/es\/blog\/crecimiento-en-los-mercados-europeos-de-francia-italia-y-espana\/","url":"https:\/\/www.caret.pro\/es\/blog\/crecimiento-en-los-mercados-europeos-de-francia-italia-y-espana\/","name":"Crecimiento en los mercados europeos de Francia, Italia y Espa\u00f1a\u00a0\u00a0 - Caret.Pro","isPartOf":{"@id":"https:\/\/www.caret.pro\/es\/#website"},"primaryImageOfPage":{"@id":"https:\/\/www.caret.pro\/es\/blog\/crecimiento-en-los-mercados-europeos-de-francia-italia-y-espana\/#primaryimage"},"image":{"@id":"https:\/\/www.caret.pro\/es\/blog\/crecimiento-en-los-mercados-europeos-de-francia-italia-y-espana\/#primaryimage"},"thumbnailUrl":"https:\/\/www.caret.pro\/wp-content\/uploads\/2024\/03\/Projekt-bez-nazwy-2024-03-18T112605.795.jpg","datePublished":"2024-03-19T08:27:22+00:00","dateModified":"2024-03-20T12:54:19+00:00","author":{"@id":"https:\/\/www.caret.pro\/es\/#\/schema\/person\/6a6ec89d5ecaf9d43a536d58b0ac21c9"},"breadcrumb":{"@id":"https:\/\/www.caret.pro\/es\/blog\/crecimiento-en-los-mercados-europeos-de-francia-italia-y-espana\/#breadcrumb"},"inLanguage":"es","potentialAction":[{"@type":"ReadAction","target":["https:\/\/www.caret.pro\/es\/blog\/crecimiento-en-los-mercados-europeos-de-francia-italia-y-espana\/"]}]},{"@type":"ImageObject","inLanguage":"es","@id":"https:\/\/www.caret.pro\/es\/blog\/crecimiento-en-los-mercados-europeos-de-francia-italia-y-espana\/#primaryimage","url":"https:\/\/www.caret.pro\/wp-content\/uploads\/2024\/03\/Projekt-bez-nazwy-2024-03-18T112605.795.jpg","contentUrl":"https:\/\/www.caret.pro\/wp-content\/uploads\/2024\/03\/Projekt-bez-nazwy-2024-03-18T112605.795.jpg","width":1200,"height":627},{"@type":"BreadcrumbList","@id":"https:\/\/www.caret.pro\/es\/blog\/crecimiento-en-los-mercados-europeos-de-francia-italia-y-espana\/#breadcrumb","itemListElement":[{"@type":"ListItem","position":1,"name":"Home","item":"https:\/\/www.caret.pro\/es\/"},{"@type":"ListItem","position":2,"name":"Crecimiento en los mercados europeos de Francia, Italia y Espa\u00f1a\u00a0\u00a0"}]},{"@type":"WebSite","@id":"https:\/\/www.caret.pro\/es\/#website","url":"https:\/\/www.caret.pro\/es\/","name":"Caret.Pro","description":"","potentialAction":[{"@type":"SearchAction","target":{"@type":"EntryPoint","urlTemplate":"https:\/\/www.caret.pro\/es\/?s={search_term_string}"},"query-input":"required name=search_term_string"}],"inLanguage":"es"},{"@type":"Person","@id":"https:\/\/www.caret.pro\/es\/#\/schema\/person\/6a6ec89d5ecaf9d43a536d58b0ac21c9","name":"Anna Celmer","image":{"@type":"ImageObject","inLanguage":"es","@id":"https:\/\/www.caret.pro\/es\/#\/schema\/person\/image\/","url":"https:\/\/secure.gravatar.com\/avatar\/c4acf8b01675cc732e0c7fb43d3b3f75?s=96&d=mm&r=g","contentUrl":"https:\/\/secure.gravatar.com\/avatar\/c4acf8b01675cc732e0c7fb43d3b3f75?s=96&d=mm&r=g","caption":"Anna Celmer"},"url":"https:\/\/www.caret.pro\/es\/blog\/author\/anna-celmer\/"}]}},"_links":{"self":[{"href":"https:\/\/www.caret.pro\/es\/wp-json\/wp\/v2\/posts\/5564"}],"collection":[{"href":"https:\/\/www.caret.pro\/es\/wp-json\/wp\/v2\/posts"}],"about":[{"href":"https:\/\/www.caret.pro\/es\/wp-json\/wp\/v2\/types\/post"}],"author":[{"embeddable":true,"href":"https:\/\/www.caret.pro\/es\/wp-json\/wp\/v2\/users\/11"}],"replies":[{"embeddable":true,"href":"https:\/\/www.caret.pro\/es\/wp-json\/wp\/v2\/comments?post=5564"}],"version-history":[{"count":4,"href":"https:\/\/www.caret.pro\/es\/wp-json\/wp\/v2\/posts\/5564\/revisions"}],"predecessor-version":[{"id":5584,"href":"https:\/\/www.caret.pro\/es\/wp-json\/wp\/v2\/posts\/5564\/revisions\/5584"}],"wp:featuredmedia":[{"embeddable":true,"href":"https:\/\/www.caret.pro\/es\/wp-json\/wp\/v2\/media\/5521"}],"wp:attachment":[{"href":"https:\/\/www.caret.pro\/es\/wp-json\/wp\/v2\/media?parent=5564"}],"wp:term":[{"taxonomy":"category","embeddable":true,"href":"https:\/\/www.caret.pro\/es\/wp-json\/wp\/v2\/categories?post=5564"},{"taxonomy":"post_tag","embeddable":true,"href":"https:\/\/www.caret.pro\/es\/wp-json\/wp\/v2\/tags?post=5564"}],"curies":[{"name":"wp","href":"https:\/\/api.w.org\/{rel}","templated":true}]}}