{"id":5442,"date":"2024-03-15T09:05:34","date_gmt":"2024-03-15T08:05:34","guid":{"rendered":"https:\/\/www.caret.pro\/?p=5442"},"modified":"2024-03-15T13:30:53","modified_gmt":"2024-03-15T12:30:53","slug":"loyalitaet-der-europaeer-gegenueber-automarken","status":"publish","type":"post","link":"https:\/\/www.caret.pro\/de\/blog\/loyalitaet-der-europaeer-gegenueber-automarken\/","title":{"rendered":"Loyalit\u00e4t der Europ\u00e4er gegen\u00fcber Automarken\u00a0"},"content":{"rendered":"\n<figure class=\"wp-block-image size-large\"><img loading=\"lazy\" decoding=\"async\" width=\"1024\" height=\"535\" src=\"https:\/\/www.caret.pro\/wp-content\/uploads\/2024\/03\/Projekt-bez-nazwy-2024-03-14T150243.454-4-1024x535.jpg\" alt=\"\" class=\"wp-image-5444\" srcset=\"https:\/\/www.caret.pro\/wp-content\/uploads\/2024\/03\/Projekt-bez-nazwy-2024-03-14T150243.454-4-1024x535.jpg 1024w, https:\/\/www.caret.pro\/wp-content\/uploads\/2024\/03\/Projekt-bez-nazwy-2024-03-14T150243.454-4-300x157.jpg 300w, https:\/\/www.caret.pro\/wp-content\/uploads\/2024\/03\/Projekt-bez-nazwy-2024-03-14T150243.454-4-768x401.jpg 768w, https:\/\/www.caret.pro\/wp-content\/uploads\/2024\/03\/Projekt-bez-nazwy-2024-03-14T150243.454-4.jpg 1200w\" sizes=\"(max-width: 1024px) 100vw, 1024px\" \/><\/figure>\n\n\n\n<p>Die Europ\u00e4er bleiben ihren Lieblingsmarken treu, wie der j\u00fcngste Bericht von Bloomberg Intelligence (BI) \u00fcber Autokaufpl\u00e4ne zeigt. Dies ist f\u00fcr die traditionellen Hersteller wichtig, da sie versuchen, ihre Position auf dem Markt angesichts der zunehmenden Konkurrenz durch neue Akteure wie Tesla und importierte chinesische Elektrofahrzeuge (BEVs) zu halten. Was hat die Umfrage unter den Verbrauchern des Alten Kontinents noch ergeben?&nbsp;&nbsp;<\/p>\n\n\n\n<p>Die Umfrage ergab, dass 62% der Befragten ihre Absicht bekr\u00e4ftigen, bei ihrer derzeitigen Automarke zu bleiben, w\u00e4hrend nur 14% einen Wechsel in Betracht ziehen. Nur weniger als ein F\u00fcnftel der privaten K\u00e4ufer \u00e4u\u00dfert eine Pr\u00e4ferenz f\u00fcr Elektrofahrzeuge. Diese Markentreue spielt f\u00fcr die traditionellen Hersteller eine wichtige Rolle, da sie ihnen hilft, ihren Marktanteil gegen die wachsende Bedrohung durch neue Akteure wie Tesla und chinesische Elektrofahrzeuge zu verteidigen.\u00a0\u00a0<\/p>\n\n\n\n<p>Die europ\u00e4ischen Verbraucher bevorzugen immer noch Modelle mit Verbrennungsmotor (ICE), insbesondere Plug-in-Hybride (PHEV), gegen\u00fcber Elektrofahrzeugen. Hybride erfreuen sich zunehmender Beliebtheit, wobei sowohl Plug-in-Hybride (PHEV) als auch Hybridelektrofahrzeuge (HEV) gleich viele Anh\u00e4nger finden, obwohl ihr Anteil an den Verk\u00e4ufen im Jahr 2023 nur 8% bzw. 10% betr\u00e4gt.\u00a0<\/p>\n\n\n\n<p>Nur 18% der Befragten, die im n\u00e4chsten Jahr den Kauf eines Autos planen, sprachen sich f\u00fcr ein BEV aus, w\u00e4hrend 46% Hybride bevorzugten. Es ist erw\u00e4hnenswert, dass die Abneigung der Verbraucher gegen den Umstieg auf Elektroautos zunimmt.\u00a0\u00a0<\/p>\n\n\n\n<p><em>&#8211; Die europ\u00e4ischen Automobilhersteller r\u00fccken von ihren Verkaufszielen f\u00fcr Elektroautos im Jahr 2024 ab, weil die Verbraucher nicht bereit sind, sich darauf einzulassen.Unsere j\u00fcngste Umfrage zeigt, dass weniger als ein F\u00fcnftel der privaten K\u00e4ufer Elektrofahrzeuge bevorzugen&#8220;,<\/em> sagt Michael Dean, leitender Branchenanalyst bei BI.&nbsp;<\/p>\n\n\n\n<p><strong>Deutsche entscheiden sich f\u00fcr das gleiche Auto<\/strong>&nbsp;<\/p>\n\n\n\n<p>Die Umfrageergebnisse k\u00f6nnten auch ein potenzieller Stolperstein f\u00fcr Pure Player wie Tesla und neue chinesische Anbieter sein, denn bis zu 74% der Verbraucher z\u00f6gern, importierte Fahrzeuge zu kaufen.Dies ist eine gute Nachricht f\u00fcr einheimische europ\u00e4ische Marken, allerdings mit dem Vorbehalt, dass ihr Erfolg von einer starken Kundentreue zur Marke abh\u00e4ngt.\u00a0\u00a0<\/p>\n\n\n\n<p>Wo ist die Markenbindung am h\u00f6chsten? In Deutschland. Nur 10% der Befragten w\u00fcrden das gleiche Auto wahrscheinlich nicht noch einmal kaufen.\u00a0\u00a0<\/p>\n\n\n\n<p>Dies ist ein sehr gutes Zeichen f\u00fcr den Marktanteil der deutschen Automobilhersteller auf dem heimischen Markt, der bei fast 60% liegt. Der Peugeot von Stellantis weist dagegen die niedrigste Treuequote auf. Allerdings gibt es in dieser Situation auch einen kleinen Grund zum Optimismus. Die Hauptgr\u00fcnde f\u00fcr einen Markenwechsel waren die M\u00f6glichkeit, ein teureres Modell zu kaufen, oder die Nichtverf\u00fcgbarkeit des bevorzugten Fahrzeugs.\u00a0<\/p>\n\n\n\n<p><strong>Europ\u00e4er entscheiden sich nur z\u00f6gerlich f\u00fcr Elektroautos<\/strong>&nbsp;&nbsp;<\/p>\n\n\n\n<p>Michael Dean f\u00fcgt hinzu, dass die europ\u00e4ischen Autohersteller ihre Verkaufsziele f\u00fcr Elektrofahrzeuge bis 2024 aufgrund der wachsenden Apathie der Verbraucher senken. Weniger als einer von f\u00fcnf privaten K\u00e4ufern entscheidet sich f\u00fcr Elektrofahrzeuge und fast die H\u00e4lfte f\u00fcr Hybride. Ein Ph\u00e4nomen, das BMW, Mercedes und Toyota zugute kommt. Andererseits ist es f\u00fcr Tesla und chinesische Marken von Nachteil. In der BI-Umfrage \u00fcber die begehrtesten Marken ist Tesla von der Spitzenposition auf den vierten Platz zur\u00fcckgefallen. Dies ist auf den zunehmenden Wettbewerb im Bereich der BEV zur\u00fcckzuf\u00fchren. Wer liegt auf dem ersten Platz? Es ist Audi, gefolgt von Mercedes und BMW.\u00a0\u00a0<\/p>\n\n\n\n<p>Au\u00dferdem wollen europ\u00e4ische K\u00e4ufer Gewissheit \u00fcber die Qualit\u00e4t, die Technologie und den Wert gebrauchter chinesischer Importe haben. Die BI-Umfrage zeigt, dass die Hauptsorgen der Verbraucher fehlende Ladestationen, Reichweitenangst und hohe Preise sind. Und es sind die Sorgen um das Aufladen und die Reichweite, die die Verbraucher sehr wahrscheinlich weiterhin beunruhigen werden, denn 77% der 2023 in Europa zugelassenen BEVs hatten eine Reichweite von weniger als 312 Meilen (500 km). Au\u00dferdem sind die Neuwagenpreise in Europa zu hoch. 83% der Umfrageteilnehmer gaben an, dass sie den Kauf t\u00e4tigen und an anderer Stelle sparen w\u00fcrden. Trotzdem werden 26% ihren Kauf in Erwartung von Preissenkungen wahrscheinlich aufschieben und 25% beabsichtigen, ein Modell mit geringerer Ausstattung zu kaufen.\u00a0<\/p>\n","protected":false},"excerpt":{"rendered":"<p>Die Europ\u00e4er bleiben ihren Lieblingsmarken treu, wie der j\u00fcngste Bericht von Bloomberg Intelligence (BI) \u00fcber Autokaufpl\u00e4ne zeigt. Dies ist f\u00fcr die traditionellen Hersteller wichtig, da sie versuchen, ihre Position auf dem Markt angesichts der zunehmenden Konkurrenz durch neue Akteure wie Tesla und importierte chinesische Elektrofahrzeuge (BEVs) zu halten. Was hat die Umfrage unter den Verbrauchern [&hellip;]<\/p>\n","protected":false},"author":11,"featured_media":5454,"comment_status":"closed","ping_status":"closed","sticky":false,"template":"","format":"standard","meta":{"footnotes":""},"categories":[156],"tags":[],"acf":[],"yoast_head":"<!-- This site is optimized with the Yoast SEO plugin v22.6 - https:\/\/yoast.com\/wordpress\/plugins\/seo\/ -->\n<title>Loyalit\u00e4t der Europ\u00e4er gegen\u00fcber Automarken\u00a0 - Caret.Pro<\/title>\n<meta name=\"robots\" content=\"index, follow, max-snippet:-1, max-image-preview:large, max-video-preview:-1\" \/>\n<link rel=\"canonical\" href=\"https:\/\/www.caret.pro\/de\/blog\/loyalitaet-der-europaeer-gegenueber-automarken\/\" \/>\n<meta property=\"og:locale\" content=\"de_DE\" \/>\n<meta property=\"og:type\" content=\"article\" \/>\n<meta property=\"og:title\" content=\"Loyalit\u00e4t der Europ\u00e4er gegen\u00fcber Automarken\u00a0 - Caret.Pro\" \/>\n<meta property=\"og:description\" content=\"Die Europ\u00e4er bleiben ihren Lieblingsmarken treu, wie der j\u00fcngste Bericht von Bloomberg Intelligence (BI) \u00fcber Autokaufpl\u00e4ne zeigt. Dies ist f\u00fcr die traditionellen Hersteller wichtig, da sie versuchen, ihre Position auf dem Markt angesichts der zunehmenden Konkurrenz durch neue Akteure wie Tesla und importierte chinesische Elektrofahrzeuge (BEVs) zu halten. Was hat die Umfrage unter den Verbrauchern [&hellip;]\" \/>\n<meta property=\"og:url\" content=\"https:\/\/www.caret.pro\/de\/blog\/loyalitaet-der-europaeer-gegenueber-automarken\/\" \/>\n<meta property=\"og:site_name\" content=\"Caret.Pro\" \/>\n<meta property=\"article:published_time\" content=\"2024-03-15T08:05:34+00:00\" \/>\n<meta property=\"article:modified_time\" content=\"2024-03-15T12:30:53+00:00\" \/>\n<meta property=\"og:image\" content=\"https:\/\/www.caret.pro\/wp-content\/uploads\/2024\/03\/Projekt-bez-nazwy-2024-03-14T150243.454-5.jpg\" \/>\n\t<meta property=\"og:image:width\" content=\"1200\" \/>\n\t<meta property=\"og:image:height\" content=\"627\" \/>\n\t<meta property=\"og:image:type\" content=\"image\/jpeg\" \/>\n<meta name=\"author\" content=\"Anna Celmer\" \/>\n<meta name=\"twitter:card\" content=\"summary_large_image\" \/>\n<meta name=\"twitter:label1\" content=\"Verfasst von\" \/>\n\t<meta name=\"twitter:data1\" content=\"Anna Celmer\" \/>\n\t<meta name=\"twitter:label2\" content=\"Gesch\u00e4tzte Lesezeit\" \/>\n\t<meta name=\"twitter:data2\" content=\"4\u00a0Minuten\" \/>\n<script type=\"application\/ld+json\" class=\"yoast-schema-graph\">{\"@context\":\"https:\/\/schema.org\",\"@graph\":[{\"@type\":\"WebPage\",\"@id\":\"https:\/\/www.caret.pro\/de\/blog\/loyalitaet-der-europaeer-gegenueber-automarken\/\",\"url\":\"https:\/\/www.caret.pro\/de\/blog\/loyalitaet-der-europaeer-gegenueber-automarken\/\",\"name\":\"Loyalit\u00e4t der Europ\u00e4er gegen\u00fcber Automarken\u00a0 - Caret.Pro\",\"isPartOf\":{\"@id\":\"https:\/\/www.caret.pro\/de\/#website\"},\"primaryImageOfPage\":{\"@id\":\"https:\/\/www.caret.pro\/de\/blog\/loyalitaet-der-europaeer-gegenueber-automarken\/#primaryimage\"},\"image\":{\"@id\":\"https:\/\/www.caret.pro\/de\/blog\/loyalitaet-der-europaeer-gegenueber-automarken\/#primaryimage\"},\"thumbnailUrl\":\"https:\/\/www.caret.pro\/wp-content\/uploads\/2024\/03\/Projekt-bez-nazwy-2024-03-14T150243.454-5.jpg\",\"datePublished\":\"2024-03-15T08:05:34+00:00\",\"dateModified\":\"2024-03-15T12:30:53+00:00\",\"author\":{\"@id\":\"https:\/\/www.caret.pro\/de\/#\/schema\/person\/6a6ec89d5ecaf9d43a536d58b0ac21c9\"},\"breadcrumb\":{\"@id\":\"https:\/\/www.caret.pro\/de\/blog\/loyalitaet-der-europaeer-gegenueber-automarken\/#breadcrumb\"},\"inLanguage\":\"de\",\"potentialAction\":[{\"@type\":\"ReadAction\",\"target\":[\"https:\/\/www.caret.pro\/de\/blog\/loyalitaet-der-europaeer-gegenueber-automarken\/\"]}]},{\"@type\":\"ImageObject\",\"inLanguage\":\"de\",\"@id\":\"https:\/\/www.caret.pro\/de\/blog\/loyalitaet-der-europaeer-gegenueber-automarken\/#primaryimage\",\"url\":\"https:\/\/www.caret.pro\/wp-content\/uploads\/2024\/03\/Projekt-bez-nazwy-2024-03-14T150243.454-5.jpg\",\"contentUrl\":\"https:\/\/www.caret.pro\/wp-content\/uploads\/2024\/03\/Projekt-bez-nazwy-2024-03-14T150243.454-5.jpg\",\"width\":1200,\"height\":627},{\"@type\":\"BreadcrumbList\",\"@id\":\"https:\/\/www.caret.pro\/de\/blog\/loyalitaet-der-europaeer-gegenueber-automarken\/#breadcrumb\",\"itemListElement\":[{\"@type\":\"ListItem\",\"position\":1,\"name\":\"Home\",\"item\":\"https:\/\/www.caret.pro\/de\/\"},{\"@type\":\"ListItem\",\"position\":2,\"name\":\"Loyalit\u00e4t der Europ\u00e4er gegen\u00fcber Automarken\u00a0\"}]},{\"@type\":\"WebSite\",\"@id\":\"https:\/\/www.caret.pro\/de\/#website\",\"url\":\"https:\/\/www.caret.pro\/de\/\",\"name\":\"Caret.Pro\",\"description\":\"\",\"potentialAction\":[{\"@type\":\"SearchAction\",\"target\":{\"@type\":\"EntryPoint\",\"urlTemplate\":\"https:\/\/www.caret.pro\/de\/?s={search_term_string}\"},\"query-input\":\"required name=search_term_string\"}],\"inLanguage\":\"de\"},{\"@type\":\"Person\",\"@id\":\"https:\/\/www.caret.pro\/de\/#\/schema\/person\/6a6ec89d5ecaf9d43a536d58b0ac21c9\",\"name\":\"Anna Celmer\",\"image\":{\"@type\":\"ImageObject\",\"inLanguage\":\"de\",\"@id\":\"https:\/\/www.caret.pro\/de\/#\/schema\/person\/image\/\",\"url\":\"https:\/\/secure.gravatar.com\/avatar\/c4acf8b01675cc732e0c7fb43d3b3f75?s=96&d=mm&r=g\",\"contentUrl\":\"https:\/\/secure.gravatar.com\/avatar\/c4acf8b01675cc732e0c7fb43d3b3f75?s=96&d=mm&r=g\",\"caption\":\"Anna Celmer\"},\"url\":\"https:\/\/www.caret.pro\/de\/blog\/author\/anna-celmer\/\"}]}<\/script>\n<!-- \/ Yoast SEO plugin. -->","yoast_head_json":{"title":"Loyalit\u00e4t der Europ\u00e4er gegen\u00fcber Automarken\u00a0 - Caret.Pro","robots":{"index":"index","follow":"follow","max-snippet":"max-snippet:-1","max-image-preview":"max-image-preview:large","max-video-preview":"max-video-preview:-1"},"canonical":"https:\/\/www.caret.pro\/de\/blog\/loyalitaet-der-europaeer-gegenueber-automarken\/","og_locale":"de_DE","og_type":"article","og_title":"Loyalit\u00e4t der Europ\u00e4er gegen\u00fcber Automarken\u00a0 - Caret.Pro","og_description":"Die Europ\u00e4er bleiben ihren Lieblingsmarken treu, wie der j\u00fcngste Bericht von Bloomberg Intelligence (BI) \u00fcber Autokaufpl\u00e4ne zeigt. Dies ist f\u00fcr die traditionellen Hersteller wichtig, da sie versuchen, ihre Position auf dem Markt angesichts der zunehmenden Konkurrenz durch neue Akteure wie Tesla und importierte chinesische Elektrofahrzeuge (BEVs) zu halten. Was hat die Umfrage unter den Verbrauchern [&hellip;]","og_url":"https:\/\/www.caret.pro\/de\/blog\/loyalitaet-der-europaeer-gegenueber-automarken\/","og_site_name":"Caret.Pro","article_published_time":"2024-03-15T08:05:34+00:00","article_modified_time":"2024-03-15T12:30:53+00:00","og_image":[{"width":1200,"height":627,"url":"https:\/\/www.caret.pro\/wp-content\/uploads\/2024\/03\/Projekt-bez-nazwy-2024-03-14T150243.454-5.jpg","type":"image\/jpeg"}],"author":"Anna Celmer","twitter_card":"summary_large_image","twitter_misc":{"Verfasst von":"Anna Celmer","Gesch\u00e4tzte Lesezeit":"4\u00a0Minuten"},"schema":{"@context":"https:\/\/schema.org","@graph":[{"@type":"WebPage","@id":"https:\/\/www.caret.pro\/de\/blog\/loyalitaet-der-europaeer-gegenueber-automarken\/","url":"https:\/\/www.caret.pro\/de\/blog\/loyalitaet-der-europaeer-gegenueber-automarken\/","name":"Loyalit\u00e4t der Europ\u00e4er gegen\u00fcber Automarken\u00a0 - Caret.Pro","isPartOf":{"@id":"https:\/\/www.caret.pro\/de\/#website"},"primaryImageOfPage":{"@id":"https:\/\/www.caret.pro\/de\/blog\/loyalitaet-der-europaeer-gegenueber-automarken\/#primaryimage"},"image":{"@id":"https:\/\/www.caret.pro\/de\/blog\/loyalitaet-der-europaeer-gegenueber-automarken\/#primaryimage"},"thumbnailUrl":"https:\/\/www.caret.pro\/wp-content\/uploads\/2024\/03\/Projekt-bez-nazwy-2024-03-14T150243.454-5.jpg","datePublished":"2024-03-15T08:05:34+00:00","dateModified":"2024-03-15T12:30:53+00:00","author":{"@id":"https:\/\/www.caret.pro\/de\/#\/schema\/person\/6a6ec89d5ecaf9d43a536d58b0ac21c9"},"breadcrumb":{"@id":"https:\/\/www.caret.pro\/de\/blog\/loyalitaet-der-europaeer-gegenueber-automarken\/#breadcrumb"},"inLanguage":"de","potentialAction":[{"@type":"ReadAction","target":["https:\/\/www.caret.pro\/de\/blog\/loyalitaet-der-europaeer-gegenueber-automarken\/"]}]},{"@type":"ImageObject","inLanguage":"de","@id":"https:\/\/www.caret.pro\/de\/blog\/loyalitaet-der-europaeer-gegenueber-automarken\/#primaryimage","url":"https:\/\/www.caret.pro\/wp-content\/uploads\/2024\/03\/Projekt-bez-nazwy-2024-03-14T150243.454-5.jpg","contentUrl":"https:\/\/www.caret.pro\/wp-content\/uploads\/2024\/03\/Projekt-bez-nazwy-2024-03-14T150243.454-5.jpg","width":1200,"height":627},{"@type":"BreadcrumbList","@id":"https:\/\/www.caret.pro\/de\/blog\/loyalitaet-der-europaeer-gegenueber-automarken\/#breadcrumb","itemListElement":[{"@type":"ListItem","position":1,"name":"Home","item":"https:\/\/www.caret.pro\/de\/"},{"@type":"ListItem","position":2,"name":"Loyalit\u00e4t der Europ\u00e4er gegen\u00fcber Automarken\u00a0"}]},{"@type":"WebSite","@id":"https:\/\/www.caret.pro\/de\/#website","url":"https:\/\/www.caret.pro\/de\/","name":"Caret.Pro","description":"","potentialAction":[{"@type":"SearchAction","target":{"@type":"EntryPoint","urlTemplate":"https:\/\/www.caret.pro\/de\/?s={search_term_string}"},"query-input":"required name=search_term_string"}],"inLanguage":"de"},{"@type":"Person","@id":"https:\/\/www.caret.pro\/de\/#\/schema\/person\/6a6ec89d5ecaf9d43a536d58b0ac21c9","name":"Anna Celmer","image":{"@type":"ImageObject","inLanguage":"de","@id":"https:\/\/www.caret.pro\/de\/#\/schema\/person\/image\/","url":"https:\/\/secure.gravatar.com\/avatar\/c4acf8b01675cc732e0c7fb43d3b3f75?s=96&d=mm&r=g","contentUrl":"https:\/\/secure.gravatar.com\/avatar\/c4acf8b01675cc732e0c7fb43d3b3f75?s=96&d=mm&r=g","caption":"Anna Celmer"},"url":"https:\/\/www.caret.pro\/de\/blog\/author\/anna-celmer\/"}]}},"_links":{"self":[{"href":"https:\/\/www.caret.pro\/de\/wp-json\/wp\/v2\/posts\/5442"}],"collection":[{"href":"https:\/\/www.caret.pro\/de\/wp-json\/wp\/v2\/posts"}],"about":[{"href":"https:\/\/www.caret.pro\/de\/wp-json\/wp\/v2\/types\/post"}],"author":[{"embeddable":true,"href":"https:\/\/www.caret.pro\/de\/wp-json\/wp\/v2\/users\/11"}],"replies":[{"embeddable":true,"href":"https:\/\/www.caret.pro\/de\/wp-json\/wp\/v2\/comments?post=5442"}],"version-history":[{"count":3,"href":"https:\/\/www.caret.pro\/de\/wp-json\/wp\/v2\/posts\/5442\/revisions"}],"predecessor-version":[{"id":5477,"href":"https:\/\/www.caret.pro\/de\/wp-json\/wp\/v2\/posts\/5442\/revisions\/5477"}],"wp:featuredmedia":[{"embeddable":true,"href":"https:\/\/www.caret.pro\/de\/wp-json\/wp\/v2\/media\/5454"}],"wp:attachment":[{"href":"https:\/\/www.caret.pro\/de\/wp-json\/wp\/v2\/media?parent=5442"}],"wp:term":[{"taxonomy":"category","embeddable":true,"href":"https:\/\/www.caret.pro\/de\/wp-json\/wp\/v2\/categories?post=5442"},{"taxonomy":"post_tag","embeddable":true,"href":"https:\/\/www.caret.pro\/de\/wp-json\/wp\/v2\/tags?post=5442"}],"curies":[{"name":"wp","href":"https:\/\/api.w.org\/{rel}","templated":true}]}}