{"id":5726,"date":"2024-04-05T08:25:01","date_gmt":"2024-04-05T06:25:01","guid":{"rendered":"https:\/\/www.caret.pro\/?p=5726"},"modified":"2024-04-05T08:34:42","modified_gmt":"2024-04-05T06:34:42","slug":"evropsky-parlament-schvalil-nove-emisni-normy-pro-vozidla","status":"publish","type":"post","link":"https:\/\/www.caret.pro\/cs\/blog\/evropsky-parlament-schvalil-nove-emisni-normy-pro-vozidla\/","title":{"rendered":"Evropsk\u00fd parlament schv\u00e1lil nov\u00e9 emisn\u00ed normy pro vozidla\u00a0"},"content":{"rendered":"\n<figure class=\"wp-block-image\"><img loading=\"lazy\" decoding=\"async\" width=\"1200\" height=\"627\" src=\"https:\/\/www.caret.pro\/wp-content\/uploads\/2024\/04\/Projekt-bez-nazwy-2024-04-04T130050.205-1-1.jpg\" alt=\"\" class=\"wp-image-5727\" srcset=\"https:\/\/www.caret.pro\/wp-content\/uploads\/2024\/04\/Projekt-bez-nazwy-2024-04-04T130050.205-1-1.jpg 1200w, https:\/\/www.caret.pro\/wp-content\/uploads\/2024\/04\/Projekt-bez-nazwy-2024-04-04T130050.205-1-1-300x157.jpg 300w, https:\/\/www.caret.pro\/wp-content\/uploads\/2024\/04\/Projekt-bez-nazwy-2024-04-04T130050.205-1-1-1024x535.jpg 1024w, https:\/\/www.caret.pro\/wp-content\/uploads\/2024\/04\/Projekt-bez-nazwy-2024-04-04T130050.205-1-1-768x401.jpg 768w\" sizes=\"(max-width: 1200px) 100vw, 1200px\" \/><\/figure>\n\n\n\n<p>Poslanci Evropsk\u00e9ho parlamentu schv\u00e1lili 13. b\u0159ezna 2024 nov\u00e9 pr\u00e1vn\u00ed p\u0159edpisy Evropsk\u00e9 unie (EU), kter\u00e9 maj\u00ed sn\u00ed\u017eit emise z osobn\u00edch automobil\u016f, dod\u00e1vek, autobus\u016f, n\u00e1kladn\u00edch vozidel a p\u0159\u00edv\u011bs\u016f. Pro lep\u0161\u00ed pochopen\u00ed obsahu \u010dl\u00e1nku za\u010dneme \u00favodem do t\u00e9matu &#8211; kontextem.&nbsp;&nbsp;<\/p>\n\n\n\n<p><strong>Kontext&nbsp;<\/strong>&nbsp;<br>10. listopadu 2022. Evropsk\u00e1 komise navrhla p\u0159\u00edsn\u011bj\u0161\u00ed emisn\u00ed normy pro vozidla se spalovac\u00edmi motory bez ohledu na druh pou\u017e\u00edvan\u00e9ho paliva. Sou\u010dasn\u00e9 emisn\u00ed limity se vztahuj\u00ed na osobn\u00ed a dod\u00e1vkov\u00e9 automobily (Euro 6) a autobusy, n\u00e1kladn\u00ed automobily a dal\u0161\u00ed t\u011b\u017ek\u00e1 n\u00e1kladn\u00ed vozidla (Euro VI). P\u0159ijet\u00edm t\u00e9to zpr\u00e1vy Parlament reaguje na o\u010dek\u00e1v\u00e1n\u00ed ob\u010dan\u016f, \u017ee podpo\u0159\u00ed n\u00e1kup elektrick\u00fdch vozidel, kter\u00e1 spl\u0148uj\u00ed vysok\u00e9 standardy \u017eivotnosti bateri\u00ed, urychl\u00ed rozvoj digit\u00e1ln\u00ed a elektrick\u00e9 infrastruktury a sn\u00ed\u017e\u00ed z\u00e1vislost EU na zahrani\u010dn\u00edch dodavatel\u00edch energie, jak je navr\u017eeno v z\u00e1v\u011brech 4 odst. 3, 4 odst. 6, 18 odst. 2 a 31 odst. 3 konference o budoucnosti Evropy.&nbsp;&nbsp;<\/p>\n\n\n\n<p><strong>V\u00fdsledek hlasov\u00e1n\u00ed ze dne 13. B\u0159ezna<\/strong>&nbsp;<br>Evropsk\u00fd parlament p\u0159ijal 297 hlasy pro, 190 proti a 37 se zdr\u017eelo hlasov\u00e1n\u00ed dohodu dosa\u017eenou s Radou Evropsk\u00e9 unie o na\u0159\u00edzen\u00ed Euro 7 o schvalov\u00e1n\u00ed typu motorov\u00fdch vozidel a dozoru nad trhem s nimi. Nov\u00e9 normy budou vy\u017eadovat, aby vozidla po celou dobu sv\u00e9 \u017eivotnosti zachov\u00e1vala vysok\u00fd standard \u010distoty.&nbsp;&nbsp;<\/p>\n\n\n\n<p><strong>Sn\u00ed\u017een\u00ed emis\u00ed a prodlou\u017een\u00ed \u017eivotnosti bateri\u00ed<\/strong>&nbsp;<br>Pro osobn\u00ed a dod\u00e1vkov\u00e9 automobily z\u016fstanou zachov\u00e1ny st\u00e1vaj\u00edc\u00ed zku\u0161ebn\u00ed podm\u00ednky a emisn\u00ed limity Euro 6. Pro autobusy a n\u00e1kladn\u00ed vozidla budou platit p\u0159\u00edsn\u011bj\u0161\u00ed emisn\u00ed limity m\u011b\u0159en\u00e9 jak v laborato\u0159\u00edch, tak v re\u00e1ln\u00fdch j\u00edzdn\u00edch podm\u00ednk\u00e1ch, p\u0159i\u010dem\u017e z\u016fstanou zachov\u00e1ny zku\u0161ebn\u00ed podm\u00ednky normy Euro 6. Poprv\u00e9 budou normy EU zahrnovat emisn\u00ed limity pevn\u00fdch \u010d\u00e1stic (PM10) pro osobn\u00ed automobily a dod\u00e1vky a po\u017eadavky na minim\u00e1ln\u00ed \u017eivotnost bateri\u00ed pro elektrick\u00e9 a hybridn\u00ed automobily.&nbsp;<\/p>\n\n\n\n<p><strong>Lep\u0161\u00ed informovanost spot\u0159ebitel\u016f<\/strong>&nbsp;<br>Pro ka\u017ed\u00fd automobil bude k dispozici ekologick\u00fd pas vozidla, kter\u00fd bude p\u0159i registraci obsahovat informace o jeho vlivu na \u017eivotn\u00ed prost\u0159ed\u00ed, jako nap\u0159:&nbsp;<\/p>\n\n\n\n<ul>\n<li>emisn\u00ed limity,&nbsp;<\/li>\n\n\n\n<li>emise CO2,&nbsp;<\/li>\n\n\n\n<li>spot\u0159eba paliva a elekt\u0159iny,&nbsp;<\/li>\n\n\n\n<li>elektrick\u00fd dojezd,&nbsp;<\/li>\n\n\n\n<li>\u017eivotnost bateri\u00ed.&nbsp;<\/li>\n<\/ul>\n\n\n\n<p>U\u017eivatel\u00e9 vozidel budou m\u00edt tak\u00e9 p\u0159\u00edstup k aktu\u00e1ln\u00edm \u00fadaj\u016fm o spot\u0159eb\u011b paliva, stavu baterie, emis\u00edch a dal\u0161\u00edm d\u016fle\u017eit\u00fdm informac\u00edm generovan\u00fdm palubn\u00edmi syst\u00e9my a monitory.&nbsp;&nbsp;<\/p>\n\n\n\n<p><strong>Prohl\u00e1\u0161en\u00ed zpravodaje Evropsk\u00e9ho parlamentu&nbsp;<\/strong>&nbsp;<br><em>&#8222;Dos\u00e1hli jsme rovnov\u00e1hy mezi c\u00edli v oblasti \u017eivotn\u00edho prost\u0159ed\u00ed a \u017eivotn\u011b d\u016fle\u017eit\u00fdmi z\u00e1jmy v\u00fdrobc\u016f.<\/em> <em>Chceme zajistit cenovou dostupnost nov\u00fdch automobil\u016f s men\u0161\u00edmi spalovac\u00edmi motory pro dom\u00e1c\u00ed z\u00e1kazn\u00edky a z\u00e1rove\u0148 umo\u017enit automobilov\u00e9mu pr\u016fmyslu p\u0159ipravit se na o\u010dek\u00e1vanou transformaci tohoto odv\u011btv\u00ed.<\/em> <em>EU se nyn\u00ed bude zab\u00fdvat tak\u00e9 emisemi z brzd a pneumatik a zajist\u00ed del\u0161\u00ed \u017eivotnost bateri\u00ed,&#8220; <\/em>\u0159\u00edk\u00e1 Alexandr Vondra ze Skupiny evropsk\u00fdch konzervativc\u016f a reformist\u016f.&nbsp;&nbsp;<\/p>\n\n\n\n<p><strong>Dal\u0161\u00ed kroky&nbsp;<\/strong>&nbsp;<br>Ne\u017e dohoda Euro 7 vstoup\u00ed v platnost, mus\u00ed ji je\u0161t\u011b form\u00e1ln\u011b schv\u00e1lit Rada Evropsk\u00e9 unie. Na\u0159\u00edzen\u00ed o nov\u00fdch emisn\u00edch norm\u00e1ch m\u00e1 vstoupit v platnost 30 m\u011bs\u00edc\u016f po p\u0159ijet\u00ed pro osobn\u00ed automobily a dod\u00e1vky a 48 m\u011bs\u00edc\u016f pro autobusy a n\u00e1kladn\u00ed automobily.&nbsp;<\/p>\n","protected":false},"excerpt":{"rendered":"<p>Poslanci Evropsk\u00e9ho parlamentu schv\u00e1lili 13. b\u0159ezna 2024 nov\u00e9 pr\u00e1vn\u00ed p\u0159edpisy Evropsk\u00e9 unie (EU), kter\u00e9 maj\u00ed sn\u00ed\u017eit emise z osobn\u00edch automobil\u016f, dod\u00e1vek, autobus\u016f, n\u00e1kladn\u00edch vozidel a p\u0159\u00edv\u011bs\u016f. Pro lep\u0161\u00ed pochopen\u00ed obsahu \u010dl\u00e1nku za\u010dneme \u00favodem do t\u00e9matu &#8211; kontextem.&nbsp;&nbsp; Kontext&nbsp;&nbsp;10. listopadu 2022. Evropsk\u00e1 komise navrhla p\u0159\u00edsn\u011bj\u0161\u00ed emisn\u00ed normy pro vozidla se spalovac\u00edmi motory bez ohledu na druh [&hellip;]<\/p>\n","protected":false},"author":11,"featured_media":5727,"comment_status":"closed","ping_status":"closed","sticky":false,"template":"","format":"standard","meta":{"footnotes":""},"categories":[154,91],"tags":[],"acf":[],"yoast_head":"<!-- This site is optimized with the Yoast SEO plugin v22.6 - https:\/\/yoast.com\/wordpress\/plugins\/seo\/ -->\n<title>Evropsk\u00fd parlament schv\u00e1lil nov\u00e9 emisn\u00ed normy pro vozidla\u00a0 - Caret.Pro<\/title>\n<meta name=\"robots\" content=\"index, follow, max-snippet:-1, max-image-preview:large, max-video-preview:-1\" \/>\n<link rel=\"canonical\" href=\"https:\/\/www.caret.pro\/cs\/blog\/evropsky-parlament-schvalil-nove-emisni-normy-pro-vozidla\/\" \/>\n<meta property=\"og:locale\" content=\"cs_CZ\" \/>\n<meta property=\"og:type\" content=\"article\" \/>\n<meta property=\"og:title\" content=\"Evropsk\u00fd parlament schv\u00e1lil nov\u00e9 emisn\u00ed normy pro vozidla\u00a0 - Caret.Pro\" \/>\n<meta property=\"og:description\" content=\"Poslanci Evropsk\u00e9ho parlamentu schv\u00e1lili 13. b\u0159ezna 2024 nov\u00e9 pr\u00e1vn\u00ed p\u0159edpisy Evropsk\u00e9 unie (EU), kter\u00e9 maj\u00ed sn\u00ed\u017eit emise z osobn\u00edch automobil\u016f, dod\u00e1vek, autobus\u016f, n\u00e1kladn\u00edch vozidel a p\u0159\u00edv\u011bs\u016f. Pro lep\u0161\u00ed pochopen\u00ed obsahu \u010dl\u00e1nku za\u010dneme \u00favodem do t\u00e9matu &#8211; kontextem.&nbsp;&nbsp; Kontext&nbsp;&nbsp;10. listopadu 2022. Evropsk\u00e1 komise navrhla p\u0159\u00edsn\u011bj\u0161\u00ed emisn\u00ed normy pro vozidla se spalovac\u00edmi motory bez ohledu na druh [&hellip;]\" \/>\n<meta property=\"og:url\" content=\"https:\/\/www.caret.pro\/cs\/blog\/evropsky-parlament-schvalil-nove-emisni-normy-pro-vozidla\/\" \/>\n<meta property=\"og:site_name\" content=\"Caret.Pro\" \/>\n<meta property=\"article:published_time\" content=\"2024-04-05T06:25:01+00:00\" \/>\n<meta property=\"article:modified_time\" content=\"2024-04-05T06:34:42+00:00\" \/>\n<meta property=\"og:image\" content=\"https:\/\/www.caret.pro\/wp-content\/uploads\/2024\/04\/Projekt-bez-nazwy-2024-04-04T130050.205-1-1.jpg\" \/>\n\t<meta property=\"og:image:width\" content=\"1200\" \/>\n\t<meta property=\"og:image:height\" content=\"627\" \/>\n\t<meta property=\"og:image:type\" content=\"image\/jpeg\" \/>\n<meta name=\"author\" content=\"Anna Celmer\" \/>\n<meta name=\"twitter:card\" content=\"summary_large_image\" \/>\n<meta name=\"twitter:label1\" content=\"Napsal(a)\" \/>\n\t<meta name=\"twitter:data1\" content=\"Anna Celmer\" \/>\n\t<meta name=\"twitter:label2\" content=\"Odhadovan\u00e1 doba \u010dten\u00ed\" \/>\n\t<meta name=\"twitter:data2\" content=\"3 minuty\" \/>\n<script type=\"application\/ld+json\" class=\"yoast-schema-graph\">{\"@context\":\"https:\/\/schema.org\",\"@graph\":[{\"@type\":\"WebPage\",\"@id\":\"https:\/\/www.caret.pro\/cs\/blog\/evropsky-parlament-schvalil-nove-emisni-normy-pro-vozidla\/\",\"url\":\"https:\/\/www.caret.pro\/cs\/blog\/evropsky-parlament-schvalil-nove-emisni-normy-pro-vozidla\/\",\"name\":\"Evropsk\u00fd parlament schv\u00e1lil nov\u00e9 emisn\u00ed normy pro vozidla\u00a0 - Caret.Pro\",\"isPartOf\":{\"@id\":\"https:\/\/www.caret.pro\/cs\/#website\"},\"primaryImageOfPage\":{\"@id\":\"https:\/\/www.caret.pro\/cs\/blog\/evropsky-parlament-schvalil-nove-emisni-normy-pro-vozidla\/#primaryimage\"},\"image\":{\"@id\":\"https:\/\/www.caret.pro\/cs\/blog\/evropsky-parlament-schvalil-nove-emisni-normy-pro-vozidla\/#primaryimage\"},\"thumbnailUrl\":\"https:\/\/www.caret.pro\/wp-content\/uploads\/2024\/04\/Projekt-bez-nazwy-2024-04-04T130050.205-1-1.jpg\",\"datePublished\":\"2024-04-05T06:25:01+00:00\",\"dateModified\":\"2024-04-05T06:34:42+00:00\",\"author\":{\"@id\":\"https:\/\/www.caret.pro\/cs\/#\/schema\/person\/6a6ec89d5ecaf9d43a536d58b0ac21c9\"},\"breadcrumb\":{\"@id\":\"https:\/\/www.caret.pro\/cs\/blog\/evropsky-parlament-schvalil-nove-emisni-normy-pro-vozidla\/#breadcrumb\"},\"inLanguage\":\"cs\",\"potentialAction\":[{\"@type\":\"ReadAction\",\"target\":[\"https:\/\/www.caret.pro\/cs\/blog\/evropsky-parlament-schvalil-nove-emisni-normy-pro-vozidla\/\"]}]},{\"@type\":\"ImageObject\",\"inLanguage\":\"cs\",\"@id\":\"https:\/\/www.caret.pro\/cs\/blog\/evropsky-parlament-schvalil-nove-emisni-normy-pro-vozidla\/#primaryimage\",\"url\":\"https:\/\/www.caret.pro\/wp-content\/uploads\/2024\/04\/Projekt-bez-nazwy-2024-04-04T130050.205-1-1.jpg\",\"contentUrl\":\"https:\/\/www.caret.pro\/wp-content\/uploads\/2024\/04\/Projekt-bez-nazwy-2024-04-04T130050.205-1-1.jpg\",\"width\":1200,\"height\":627},{\"@type\":\"BreadcrumbList\",\"@id\":\"https:\/\/www.caret.pro\/cs\/blog\/evropsky-parlament-schvalil-nove-emisni-normy-pro-vozidla\/#breadcrumb\",\"itemListElement\":[{\"@type\":\"ListItem\",\"position\":1,\"name\":\"Home\",\"item\":\"https:\/\/www.caret.pro\/cs\/\"},{\"@type\":\"ListItem\",\"position\":2,\"name\":\"Evropsk\u00fd parlament schv\u00e1lil nov\u00e9 emisn\u00ed normy pro vozidla\u00a0\"}]},{\"@type\":\"WebSite\",\"@id\":\"https:\/\/www.caret.pro\/cs\/#website\",\"url\":\"https:\/\/www.caret.pro\/cs\/\",\"name\":\"Caret.Pro\",\"description\":\"\",\"potentialAction\":[{\"@type\":\"SearchAction\",\"target\":{\"@type\":\"EntryPoint\",\"urlTemplate\":\"https:\/\/www.caret.pro\/cs\/?s={search_term_string}\"},\"query-input\":\"required name=search_term_string\"}],\"inLanguage\":\"cs\"},{\"@type\":\"Person\",\"@id\":\"https:\/\/www.caret.pro\/cs\/#\/schema\/person\/6a6ec89d5ecaf9d43a536d58b0ac21c9\",\"name\":\"Anna Celmer\",\"image\":{\"@type\":\"ImageObject\",\"inLanguage\":\"cs\",\"@id\":\"https:\/\/www.caret.pro\/cs\/#\/schema\/person\/image\/\",\"url\":\"https:\/\/secure.gravatar.com\/avatar\/c4acf8b01675cc732e0c7fb43d3b3f75?s=96&d=mm&r=g\",\"contentUrl\":\"https:\/\/secure.gravatar.com\/avatar\/c4acf8b01675cc732e0c7fb43d3b3f75?s=96&d=mm&r=g\",\"caption\":\"Anna Celmer\"},\"url\":\"https:\/\/www.caret.pro\/cs\/blog\/author\/anna-celmer\/\"}]}<\/script>\n<!-- \/ Yoast SEO plugin. -->","yoast_head_json":{"title":"Evropsk\u00fd parlament schv\u00e1lil nov\u00e9 emisn\u00ed normy pro vozidla\u00a0 - Caret.Pro","robots":{"index":"index","follow":"follow","max-snippet":"max-snippet:-1","max-image-preview":"max-image-preview:large","max-video-preview":"max-video-preview:-1"},"canonical":"https:\/\/www.caret.pro\/cs\/blog\/evropsky-parlament-schvalil-nove-emisni-normy-pro-vozidla\/","og_locale":"cs_CZ","og_type":"article","og_title":"Evropsk\u00fd parlament schv\u00e1lil nov\u00e9 emisn\u00ed normy pro vozidla\u00a0 - Caret.Pro","og_description":"Poslanci Evropsk\u00e9ho parlamentu schv\u00e1lili 13. b\u0159ezna 2024 nov\u00e9 pr\u00e1vn\u00ed p\u0159edpisy Evropsk\u00e9 unie (EU), kter\u00e9 maj\u00ed sn\u00ed\u017eit emise z osobn\u00edch automobil\u016f, dod\u00e1vek, autobus\u016f, n\u00e1kladn\u00edch vozidel a p\u0159\u00edv\u011bs\u016f. Pro lep\u0161\u00ed pochopen\u00ed obsahu \u010dl\u00e1nku za\u010dneme \u00favodem do t\u00e9matu &#8211; kontextem.&nbsp;&nbsp; Kontext&nbsp;&nbsp;10. listopadu 2022. Evropsk\u00e1 komise navrhla p\u0159\u00edsn\u011bj\u0161\u00ed emisn\u00ed normy pro vozidla se spalovac\u00edmi motory bez ohledu na druh [&hellip;]","og_url":"https:\/\/www.caret.pro\/cs\/blog\/evropsky-parlament-schvalil-nove-emisni-normy-pro-vozidla\/","og_site_name":"Caret.Pro","article_published_time":"2024-04-05T06:25:01+00:00","article_modified_time":"2024-04-05T06:34:42+00:00","og_image":[{"width":1200,"height":627,"url":"https:\/\/www.caret.pro\/wp-content\/uploads\/2024\/04\/Projekt-bez-nazwy-2024-04-04T130050.205-1-1.jpg","type":"image\/jpeg"}],"author":"Anna Celmer","twitter_card":"summary_large_image","twitter_misc":{"Napsal(a)":"Anna Celmer","Odhadovan\u00e1 doba \u010dten\u00ed":"3 minuty"},"schema":{"@context":"https:\/\/schema.org","@graph":[{"@type":"WebPage","@id":"https:\/\/www.caret.pro\/cs\/blog\/evropsky-parlament-schvalil-nove-emisni-normy-pro-vozidla\/","url":"https:\/\/www.caret.pro\/cs\/blog\/evropsky-parlament-schvalil-nove-emisni-normy-pro-vozidla\/","name":"Evropsk\u00fd parlament schv\u00e1lil nov\u00e9 emisn\u00ed normy pro vozidla\u00a0 - Caret.Pro","isPartOf":{"@id":"https:\/\/www.caret.pro\/cs\/#website"},"primaryImageOfPage":{"@id":"https:\/\/www.caret.pro\/cs\/blog\/evropsky-parlament-schvalil-nove-emisni-normy-pro-vozidla\/#primaryimage"},"image":{"@id":"https:\/\/www.caret.pro\/cs\/blog\/evropsky-parlament-schvalil-nove-emisni-normy-pro-vozidla\/#primaryimage"},"thumbnailUrl":"https:\/\/www.caret.pro\/wp-content\/uploads\/2024\/04\/Projekt-bez-nazwy-2024-04-04T130050.205-1-1.jpg","datePublished":"2024-04-05T06:25:01+00:00","dateModified":"2024-04-05T06:34:42+00:00","author":{"@id":"https:\/\/www.caret.pro\/cs\/#\/schema\/person\/6a6ec89d5ecaf9d43a536d58b0ac21c9"},"breadcrumb":{"@id":"https:\/\/www.caret.pro\/cs\/blog\/evropsky-parlament-schvalil-nove-emisni-normy-pro-vozidla\/#breadcrumb"},"inLanguage":"cs","potentialAction":[{"@type":"ReadAction","target":["https:\/\/www.caret.pro\/cs\/blog\/evropsky-parlament-schvalil-nove-emisni-normy-pro-vozidla\/"]}]},{"@type":"ImageObject","inLanguage":"cs","@id":"https:\/\/www.caret.pro\/cs\/blog\/evropsky-parlament-schvalil-nove-emisni-normy-pro-vozidla\/#primaryimage","url":"https:\/\/www.caret.pro\/wp-content\/uploads\/2024\/04\/Projekt-bez-nazwy-2024-04-04T130050.205-1-1.jpg","contentUrl":"https:\/\/www.caret.pro\/wp-content\/uploads\/2024\/04\/Projekt-bez-nazwy-2024-04-04T130050.205-1-1.jpg","width":1200,"height":627},{"@type":"BreadcrumbList","@id":"https:\/\/www.caret.pro\/cs\/blog\/evropsky-parlament-schvalil-nove-emisni-normy-pro-vozidla\/#breadcrumb","itemListElement":[{"@type":"ListItem","position":1,"name":"Home","item":"https:\/\/www.caret.pro\/cs\/"},{"@type":"ListItem","position":2,"name":"Evropsk\u00fd parlament schv\u00e1lil nov\u00e9 emisn\u00ed normy pro vozidla\u00a0"}]},{"@type":"WebSite","@id":"https:\/\/www.caret.pro\/cs\/#website","url":"https:\/\/www.caret.pro\/cs\/","name":"Caret.Pro","description":"","potentialAction":[{"@type":"SearchAction","target":{"@type":"EntryPoint","urlTemplate":"https:\/\/www.caret.pro\/cs\/?s={search_term_string}"},"query-input":"required name=search_term_string"}],"inLanguage":"cs"},{"@type":"Person","@id":"https:\/\/www.caret.pro\/cs\/#\/schema\/person\/6a6ec89d5ecaf9d43a536d58b0ac21c9","name":"Anna Celmer","image":{"@type":"ImageObject","inLanguage":"cs","@id":"https:\/\/www.caret.pro\/cs\/#\/schema\/person\/image\/","url":"https:\/\/secure.gravatar.com\/avatar\/c4acf8b01675cc732e0c7fb43d3b3f75?s=96&d=mm&r=g","contentUrl":"https:\/\/secure.gravatar.com\/avatar\/c4acf8b01675cc732e0c7fb43d3b3f75?s=96&d=mm&r=g","caption":"Anna Celmer"},"url":"https:\/\/www.caret.pro\/cs\/blog\/author\/anna-celmer\/"}]}},"_links":{"self":[{"href":"https:\/\/www.caret.pro\/cs\/wp-json\/wp\/v2\/posts\/5726"}],"collection":[{"href":"https:\/\/www.caret.pro\/cs\/wp-json\/wp\/v2\/posts"}],"about":[{"href":"https:\/\/www.caret.pro\/cs\/wp-json\/wp\/v2\/types\/post"}],"author":[{"embeddable":true,"href":"https:\/\/www.caret.pro\/cs\/wp-json\/wp\/v2\/users\/11"}],"replies":[{"embeddable":true,"href":"https:\/\/www.caret.pro\/cs\/wp-json\/wp\/v2\/comments?post=5726"}],"version-history":[{"count":2,"href":"https:\/\/www.caret.pro\/cs\/wp-json\/wp\/v2\/posts\/5726\/revisions"}],"predecessor-version":[{"id":5736,"href":"https:\/\/www.caret.pro\/cs\/wp-json\/wp\/v2\/posts\/5726\/revisions\/5736"}],"wp:featuredmedia":[{"embeddable":true,"href":"https:\/\/www.caret.pro\/cs\/wp-json\/wp\/v2\/media\/5727"}],"wp:attachment":[{"href":"https:\/\/www.caret.pro\/cs\/wp-json\/wp\/v2\/media?parent=5726"}],"wp:term":[{"taxonomy":"category","embeddable":true,"href":"https:\/\/www.caret.pro\/cs\/wp-json\/wp\/v2\/categories?post=5726"},{"taxonomy":"post_tag","embeddable":true,"href":"https:\/\/www.caret.pro\/cs\/wp-json\/wp\/v2\/tags?post=5726"}],"curies":[{"name":"wp","href":"https:\/\/api.w.org\/{rel}","templated":true}]}}