{"id":4900,"date":"2023-03-07T14:05:38","date_gmt":"2023-03-07T13:05:38","guid":{"rendered":"https:\/\/www.caret.pro\/blog\/equipment-matters-understand-about-the-differences-and-create-a-version-for-the-french-market-with-caret\/"},"modified":"2023-12-19T13:49:24","modified_gmt":"2023-12-19T12:49:24","slug":"equipment-matters-understand-about-the-differences-and-create-a-version-for-the-french-market-with-caret","status":"publish","type":"post","link":"https:\/\/www.caret.pro\/cs\/blog\/equipment-matters-understand-about-the-differences-and-create-a-version-for-the-french-market-with-caret\/","title":{"rendered":"Na vybaven\u00ed z\u00e1le\u017e\u00ed \u2013 pochopte rozd\u00edly a vytvo\u0159te verzi pro francouzsk\u00fd trh s CARET"},"content":{"rendered":"\n<figure class=\"wp-block-image size-large is-resized\"><img loading=\"lazy\" decoding=\"async\" width=\"1024\" height=\"455\" src=\"https:\/\/www.caret.pro\/wp-content\/uploads\/2023\/10\/Projekt-bez-nazwy-17-1024x455.png\" alt=\"\" class=\"wp-image-1588\" style=\"width:999px;height:auto\" srcset=\"https:\/\/www.caret.pro\/wp-content\/uploads\/2023\/10\/Projekt-bez-nazwy-17-1024x455.png 1024w, https:\/\/www.caret.pro\/wp-content\/uploads\/2023\/10\/Projekt-bez-nazwy-17-300x133.png 300w, https:\/\/www.caret.pro\/wp-content\/uploads\/2023\/10\/Projekt-bez-nazwy-17-768x341.png 768w, https:\/\/www.caret.pro\/wp-content\/uploads\/2023\/10\/Projekt-bez-nazwy-17.png 1440w\" sizes=\"(max-width: 1024px) 100vw, 1024px\" \/><\/figure>\n\n\n\n<p class=\"is-style-paragraph-medium\"><strong>Na na\u0161\u00ed platform\u011b jsme zkoumali rozd\u00edly ve v\u00fdbav\u011b obl\u00edben\u00fdch model\u016f aut nab\u00edzen\u00fdch na polsk\u00e9m a francouzsk\u00e9m trhu. Pro\u010d na vybaven\u00ed z\u00e1le\u017e\u00ed a \u010dasto rozhoduje o z\u00e1jmu o nab\u00eddku? Poskytujeme n\u00e1vod, jak\u00e9 bal\u00ed\u010dky by m\u011bl m\u00edt v\u016fz z Polska, aby byl vhodn\u00fd pro francouzsk\u00e9 z\u00e1kazn\u00edky.<\/strong><\/p>\n\n\n\n<h2 class=\"wp-block-heading\"><strong>Pro\u010d se polsk\u00e1 verze li\u0161\u00ed od francouzsk\u00e9?<\/strong><\/h2>\n\n\n\n<p>Zat\u00edmco dostupnost variant motor\u016f je v jednotliv\u00fdch evropsk\u00fdch zem\u00edch v\u011bt\u0161inou podobn\u00e1, \u00farove\u0148 v\u00fdbavy se m\u016f\u017ee v\u00fdrazn\u011b li\u0161it. To \u010dasto vede k omezen\u00e9mu z\u00e1jmu o nab\u00eddku ze strany francouzsk\u00fdch partner\u016f. P\u0159i nab\u00edzen\u00ed vozu k prodeji zhotoviteli z Francie byste proto m\u011bli v\u011bnovat zvl\u00e1\u0161tn\u00ed pozornost paket\u016fm a mo\u017enostem dan\u00e9ho modelu. \u010c\u00edm bohat\u0161\u00ed verzi nab\u00edz\u00edme, t\u00edm v\u011bt\u0161\u00ed je \u0161ance na prodej vozidla.<\/p>\n\n\n\n<p>Rozd\u00edly ve standardn\u00ed v\u00fdbav\u011b vybran\u00fdch verz\u00ed voz\u016f mohou zp\u016fsobit zmatek p\u0159i p\u0159\u00edprav\u011b prodejn\u00edch nab\u00eddek profesion\u00e1l\u016f zab\u00fdvaj\u00edc\u00edch se prodejem nov\u00fdch voz\u016f v Evropsk\u00e9 unii.<\/p>\n\n\n\n<p>Porovn\u00e1n\u00ed a anal\u00fdza v\u00fdbavy automobil\u016f z polsk\u00e9 a francouzsk\u00e9 distribuce jsou \u010dasov\u011b n\u00e1ro\u010dn\u00e9 \u00fakoly. Proces tak\u00e9 komplikuje pou\u017e\u00edv\u00e1n\u00ed identick\u00fdch n\u00e1zv\u016f verz\u00ed v\u00fdrobci automobil\u016f navzdory zna\u010dn\u00fdm rozd\u00edl\u016fm ve v\u00fdbav\u011b.<\/p>\n\n\n\n<h2 class=\"wp-block-heading\"><strong>Co m\u016f\u017ee\u0161 ud\u011blat?<\/strong><\/h2>\n\n\n\n<p>Pou\u017eijte n\u00ed\u017ee uvedenou tabulku p\u0159ipravenou na\u0161imi odborn\u00edky. Tento u\u017eite\u010dn\u00fd n\u00e1stroj v\u00e1m umo\u017en\u00ed rychle a snadno zkontrolovat rozd\u00edly ve v\u00fdbav\u011b nejobl\u00edben\u011bj\u0161\u00edch m\u011bstsk\u00fdch voz\u016f, kter\u00e9 si povedou dob\u0159e na silnic\u00edch ve Francii.<\/p>\n\n\n\n<p><strong>Nej\u010dast\u011bji volen\u00e1 m\u011bstsk\u00e1 auta ve Francii:<\/strong><\/p>\n\n\n\n<ol>\n<li>Renault Clio, TECHNO, Ko\u017een\u00fd volant, P\u0159edn\u00ed\/zadn\u00ed parkovac\u00ed asisten\u010dn\u00ed syst\u00e9m, Osv\u011btlen\u00ed Techno Paket<\/li>\n\n\n\n<li>Peugeot 208, ALLURE PACK, Bezkl\u00ed\u010dov\u00fd vstup, ,<\/li>\n\n\n\n<li>Citroen C3, SHINE, Zadn\u00ed a p\u0159edn\u00ed parkovac\u00ed senzory, Zp\u011btn\u00e1 kamera a senzor mrtv\u00e9ho \u00fahlu, Elektricky ovl\u00e1dan\u00e1 zadn\u00ed okna,<\/li>\n\n\n\n<li>Peugeot 208, ALLURE, Paket Drive Assist, Paket Visiopark 1, Bezkl\u00ed\u010dov\u00fd vstup<\/li>\n\n\n\n<li>Renault Captur, TECHNO, bal\u00ed\u010dek Augmented Vision Package, Advanced Driving Package,<\/li>\n\n\n\n<li>Dacia Sandero Stepway, EXPRESSION, Paket Comfort Plus, Paket Parking Plus, Automatick\u00e1 klimatizace<\/li>\n\n\n\n<li>Ford Puma, ST LINE, Adaptivn\u00ed tempomat, LED sv\u011btlomety, Panoramatick\u00e1 st\u0159echa<\/li>\n\n\n\n<li>Toyota Yaris, EXECUTIVE, Smart Package, ,<\/li>\n\n\n\n<li>Volkswagen Polo, STYL, Paket Comfort, T\u00f3novan\u00e1 zadn\u00ed a bo\u010dn\u00ed okna, Climatronic<br>Zdroj: Caret<\/li>\n<\/ol>\n\n\n\n<p>Jak je patrn\u00e9 z \u00fadaj\u016f v tabulce, nesrovnalosti ve v\u00fdbav\u011b voz\u016f tohoto segmentu mohou b\u00fdt zna\u010dn\u00e9. Nej\u010dast\u011bji se rozd\u00edly t\u00fdkaj\u00ed palubn\u00ed elektroniky, kter\u00e1 do zna\u010dn\u00e9 m\u00edry ovliv\u0148uje komfort j\u00edzdy a pou\u017e\u00edv\u00e1n\u00ed vozidla. To znamen\u00e1, \u017ee francouzsk\u00e9ho dodavatele m\u016f\u017ee zasko\u010dit nedostatek n\u011bkter\u00fdch prvk\u016f, kter\u00e9 jsou standardn\u00ed v\u00fdbavou voz\u016f prod\u00e1van\u00fdch na m\u00edstn\u00edm trhu.<\/p>\n\n\n\n<p>Klient proto po prostudov\u00e1n\u00ed podrobn\u00e9 specifikace va\u0161eho firemn\u00edho Renaultu Clio ve verzi Techno nemus\u00ed m\u00edt z\u00e1jem o jeho koupi mimo jin\u00e9 z d\u016fvodu nedostatku n\u011bkter\u00fdch prvk\u016f zodpov\u011bdn\u00fdch za zv\u00fd\u0161en\u00ed j\u00edzdn\u00edho komfortu.<\/p>\n\n\n\n<p><strong>Jak vytvo\u0159it nab\u00eddku se spr\u00e1vnou verz\u00ed v\u011bnovanou francouzsk\u00e9mu trhu?<\/strong><\/p>\n\n\n\n<ul>\n<li>zohlednit v\u00fdbavu voz\u016f nab\u00edzen\u00fdch v polsk\u00e9 distribuci<\/li>\n\n\n\n<li>analyzovat rozd\u00edly<\/li>\n\n\n\n<li>popsat dal\u0161\u00ed prvky ve f\u00e1zi konfigurace vozu<\/li>\n\n\n\n<li>pou\u017eijte na\u0161i tabulku nebo kontaktujte na\u0161eho poradce<\/li>\n<\/ul>\n","protected":false},"excerpt":{"rendered":"<p>Na na\u0161\u00ed platform\u011b jsme zkoumali rozd\u00edly ve v\u00fdbav\u011b obl\u00edben\u00fdch model\u016f aut nab\u00edzen\u00fdch na polsk\u00e9m a francouzsk\u00e9m trhu. Pro\u010d na vybaven\u00ed z\u00e1le\u017e\u00ed a \u010dasto rozhoduje o z\u00e1jmu o nab\u00eddku? Poskytujeme n\u00e1vod, jak\u00e9 bal\u00ed\u010dky by m\u011bl m\u00edt v\u016fz z Polska, aby byl vhodn\u00fd pro francouzsk\u00e9 z\u00e1kazn\u00edky. Pro\u010d se polsk\u00e1 verze li\u0161\u00ed od francouzsk\u00e9? Zat\u00edmco dostupnost variant motor\u016f [&hellip;]<\/p>\n","protected":false},"author":1,"featured_media":1589,"comment_status":"open","ping_status":"open","sticky":false,"template":"","format":"standard","meta":{"footnotes":""},"categories":[94],"tags":[],"acf":[],"yoast_head":"<!-- This site is optimized with the Yoast SEO plugin v22.6 - https:\/\/yoast.com\/wordpress\/plugins\/seo\/ -->\n<title>Na vybaven\u00ed z\u00e1le\u017e\u00ed \u2013 pochopte rozd\u00edly a vytvo\u0159te verzi pro francouzsk\u00fd trh s CARET - Caret.Pro<\/title>\n<meta name=\"robots\" content=\"index, follow, max-snippet:-1, max-image-preview:large, max-video-preview:-1\" \/>\n<link rel=\"canonical\" href=\"https:\/\/www.caret.pro\/cs\/blog\/equipment-matters-understand-about-the-differences-and-create-a-version-for-the-french-market-with-caret\/\" \/>\n<meta property=\"og:locale\" content=\"cs_CZ\" \/>\n<meta property=\"og:type\" content=\"article\" \/>\n<meta property=\"og:title\" content=\"Na vybaven\u00ed z\u00e1le\u017e\u00ed \u2013 pochopte rozd\u00edly a vytvo\u0159te verzi pro francouzsk\u00fd trh s CARET - Caret.Pro\" \/>\n<meta property=\"og:description\" content=\"Na na\u0161\u00ed platform\u011b jsme zkoumali rozd\u00edly ve v\u00fdbav\u011b obl\u00edben\u00fdch model\u016f aut nab\u00edzen\u00fdch na polsk\u00e9m a francouzsk\u00e9m trhu. Pro\u010d na vybaven\u00ed z\u00e1le\u017e\u00ed a \u010dasto rozhoduje o z\u00e1jmu o nab\u00eddku? Poskytujeme n\u00e1vod, jak\u00e9 bal\u00ed\u010dky by m\u011bl m\u00edt v\u016fz z Polska, aby byl vhodn\u00fd pro francouzsk\u00e9 z\u00e1kazn\u00edky. Pro\u010d se polsk\u00e1 verze li\u0161\u00ed od francouzsk\u00e9? Zat\u00edmco dostupnost variant motor\u016f [&hellip;]\" \/>\n<meta property=\"og:url\" content=\"https:\/\/www.caret.pro\/cs\/blog\/equipment-matters-understand-about-the-differences-and-create-a-version-for-the-french-market-with-caret\/\" \/>\n<meta property=\"og:site_name\" content=\"Caret.Pro\" \/>\n<meta property=\"article:published_time\" content=\"2023-03-07T13:05:38+00:00\" \/>\n<meta property=\"article:modified_time\" content=\"2023-12-19T12:49:24+00:00\" \/>\n<meta property=\"og:image\" content=\"https:\/\/www.caret.pro\/wp-content\/uploads\/2023\/10\/Projekt-bez-nazwy-17.png\" \/>\n\t<meta property=\"og:image:width\" content=\"1440\" \/>\n\t<meta property=\"og:image:height\" content=\"640\" \/>\n\t<meta property=\"og:image:type\" content=\"image\/png\" \/>\n<meta name=\"author\" content=\"piotr\" \/>\n<meta name=\"twitter:card\" content=\"summary_large_image\" \/>\n<meta name=\"twitter:label1\" content=\"Napsal(a)\" \/>\n\t<meta name=\"twitter:data1\" content=\"piotr\" \/>\n\t<meta name=\"twitter:label2\" content=\"Odhadovan\u00e1 doba \u010dten\u00ed\" \/>\n\t<meta name=\"twitter:data2\" content=\"3 minuty\" \/>\n<script type=\"application\/ld+json\" class=\"yoast-schema-graph\">{\"@context\":\"https:\/\/schema.org\",\"@graph\":[{\"@type\":\"WebPage\",\"@id\":\"https:\/\/www.caret.pro\/cs\/blog\/equipment-matters-understand-about-the-differences-and-create-a-version-for-the-french-market-with-caret\/\",\"url\":\"https:\/\/www.caret.pro\/cs\/blog\/equipment-matters-understand-about-the-differences-and-create-a-version-for-the-french-market-with-caret\/\",\"name\":\"Na vybaven\u00ed z\u00e1le\u017e\u00ed \u2013 pochopte rozd\u00edly a vytvo\u0159te verzi pro francouzsk\u00fd trh s CARET - Caret.Pro\",\"isPartOf\":{\"@id\":\"https:\/\/www.caret.pro\/cs\/#website\"},\"primaryImageOfPage\":{\"@id\":\"https:\/\/www.caret.pro\/cs\/blog\/equipment-matters-understand-about-the-differences-and-create-a-version-for-the-french-market-with-caret\/#primaryimage\"},\"image\":{\"@id\":\"https:\/\/www.caret.pro\/cs\/blog\/equipment-matters-understand-about-the-differences-and-create-a-version-for-the-french-market-with-caret\/#primaryimage\"},\"thumbnailUrl\":\"https:\/\/www.caret.pro\/wp-content\/uploads\/2023\/10\/Projekt-bez-nazwy-17.png\",\"datePublished\":\"2023-03-07T13:05:38+00:00\",\"dateModified\":\"2023-12-19T12:49:24+00:00\",\"author\":{\"@id\":\"https:\/\/www.caret.pro\/cs\/#\/schema\/person\/e2ec542a1d46d5e62a5a4c71a2937897\"},\"breadcrumb\":{\"@id\":\"https:\/\/www.caret.pro\/cs\/blog\/equipment-matters-understand-about-the-differences-and-create-a-version-for-the-french-market-with-caret\/#breadcrumb\"},\"inLanguage\":\"cs\",\"potentialAction\":[{\"@type\":\"ReadAction\",\"target\":[\"https:\/\/www.caret.pro\/cs\/blog\/equipment-matters-understand-about-the-differences-and-create-a-version-for-the-french-market-with-caret\/\"]}]},{\"@type\":\"ImageObject\",\"inLanguage\":\"cs\",\"@id\":\"https:\/\/www.caret.pro\/cs\/blog\/equipment-matters-understand-about-the-differences-and-create-a-version-for-the-french-market-with-caret\/#primaryimage\",\"url\":\"https:\/\/www.caret.pro\/wp-content\/uploads\/2023\/10\/Projekt-bez-nazwy-17.png\",\"contentUrl\":\"https:\/\/www.caret.pro\/wp-content\/uploads\/2023\/10\/Projekt-bez-nazwy-17.png\",\"width\":1440,\"height\":640},{\"@type\":\"BreadcrumbList\",\"@id\":\"https:\/\/www.caret.pro\/cs\/blog\/equipment-matters-understand-about-the-differences-and-create-a-version-for-the-french-market-with-caret\/#breadcrumb\",\"itemListElement\":[{\"@type\":\"ListItem\",\"position\":1,\"name\":\"Home\",\"item\":\"https:\/\/www.caret.pro\/cs\/\"},{\"@type\":\"ListItem\",\"position\":2,\"name\":\"Na vybaven\u00ed z\u00e1le\u017e\u00ed \u2013 pochopte rozd\u00edly a vytvo\u0159te verzi pro francouzsk\u00fd trh s CARET\"}]},{\"@type\":\"WebSite\",\"@id\":\"https:\/\/www.caret.pro\/cs\/#website\",\"url\":\"https:\/\/www.caret.pro\/cs\/\",\"name\":\"Caret.Pro\",\"description\":\"\",\"potentialAction\":[{\"@type\":\"SearchAction\",\"target\":{\"@type\":\"EntryPoint\",\"urlTemplate\":\"https:\/\/www.caret.pro\/cs\/?s={search_term_string}\"},\"query-input\":\"required name=search_term_string\"}],\"inLanguage\":\"cs\"},{\"@type\":\"Person\",\"@id\":\"https:\/\/www.caret.pro\/cs\/#\/schema\/person\/e2ec542a1d46d5e62a5a4c71a2937897\",\"name\":\"piotr\",\"image\":{\"@type\":\"ImageObject\",\"inLanguage\":\"cs\",\"@id\":\"https:\/\/www.caret.pro\/cs\/#\/schema\/person\/image\/\",\"url\":\"https:\/\/secure.gravatar.com\/avatar\/764715db851c0160919fab6e646b9be0?s=96&d=mm&r=g\",\"contentUrl\":\"https:\/\/secure.gravatar.com\/avatar\/764715db851c0160919fab6e646b9be0?s=96&d=mm&r=g\",\"caption\":\"piotr\"},\"url\":\"https:\/\/www.caret.pro\/cs\/blog\/author\/piotr\/\"}]}<\/script>\n<!-- \/ Yoast SEO plugin. -->","yoast_head_json":{"title":"Na vybaven\u00ed z\u00e1le\u017e\u00ed \u2013 pochopte rozd\u00edly a vytvo\u0159te verzi pro francouzsk\u00fd trh s CARET - Caret.Pro","robots":{"index":"index","follow":"follow","max-snippet":"max-snippet:-1","max-image-preview":"max-image-preview:large","max-video-preview":"max-video-preview:-1"},"canonical":"https:\/\/www.caret.pro\/cs\/blog\/equipment-matters-understand-about-the-differences-and-create-a-version-for-the-french-market-with-caret\/","og_locale":"cs_CZ","og_type":"article","og_title":"Na vybaven\u00ed z\u00e1le\u017e\u00ed \u2013 pochopte rozd\u00edly a vytvo\u0159te verzi pro francouzsk\u00fd trh s CARET - Caret.Pro","og_description":"Na na\u0161\u00ed platform\u011b jsme zkoumali rozd\u00edly ve v\u00fdbav\u011b obl\u00edben\u00fdch model\u016f aut nab\u00edzen\u00fdch na polsk\u00e9m a francouzsk\u00e9m trhu. Pro\u010d na vybaven\u00ed z\u00e1le\u017e\u00ed a \u010dasto rozhoduje o z\u00e1jmu o nab\u00eddku? Poskytujeme n\u00e1vod, jak\u00e9 bal\u00ed\u010dky by m\u011bl m\u00edt v\u016fz z Polska, aby byl vhodn\u00fd pro francouzsk\u00e9 z\u00e1kazn\u00edky. Pro\u010d se polsk\u00e1 verze li\u0161\u00ed od francouzsk\u00e9? Zat\u00edmco dostupnost variant motor\u016f [&hellip;]","og_url":"https:\/\/www.caret.pro\/cs\/blog\/equipment-matters-understand-about-the-differences-and-create-a-version-for-the-french-market-with-caret\/","og_site_name":"Caret.Pro","article_published_time":"2023-03-07T13:05:38+00:00","article_modified_time":"2023-12-19T12:49:24+00:00","og_image":[{"width":1440,"height":640,"url":"https:\/\/www.caret.pro\/wp-content\/uploads\/2023\/10\/Projekt-bez-nazwy-17.png","type":"image\/png"}],"author":"piotr","twitter_card":"summary_large_image","twitter_misc":{"Napsal(a)":"piotr","Odhadovan\u00e1 doba \u010dten\u00ed":"3 minuty"},"schema":{"@context":"https:\/\/schema.org","@graph":[{"@type":"WebPage","@id":"https:\/\/www.caret.pro\/cs\/blog\/equipment-matters-understand-about-the-differences-and-create-a-version-for-the-french-market-with-caret\/","url":"https:\/\/www.caret.pro\/cs\/blog\/equipment-matters-understand-about-the-differences-and-create-a-version-for-the-french-market-with-caret\/","name":"Na vybaven\u00ed z\u00e1le\u017e\u00ed \u2013 pochopte rozd\u00edly a vytvo\u0159te verzi pro francouzsk\u00fd trh s CARET - Caret.Pro","isPartOf":{"@id":"https:\/\/www.caret.pro\/cs\/#website"},"primaryImageOfPage":{"@id":"https:\/\/www.caret.pro\/cs\/blog\/equipment-matters-understand-about-the-differences-and-create-a-version-for-the-french-market-with-caret\/#primaryimage"},"image":{"@id":"https:\/\/www.caret.pro\/cs\/blog\/equipment-matters-understand-about-the-differences-and-create-a-version-for-the-french-market-with-caret\/#primaryimage"},"thumbnailUrl":"https:\/\/www.caret.pro\/wp-content\/uploads\/2023\/10\/Projekt-bez-nazwy-17.png","datePublished":"2023-03-07T13:05:38+00:00","dateModified":"2023-12-19T12:49:24+00:00","author":{"@id":"https:\/\/www.caret.pro\/cs\/#\/schema\/person\/e2ec542a1d46d5e62a5a4c71a2937897"},"breadcrumb":{"@id":"https:\/\/www.caret.pro\/cs\/blog\/equipment-matters-understand-about-the-differences-and-create-a-version-for-the-french-market-with-caret\/#breadcrumb"},"inLanguage":"cs","potentialAction":[{"@type":"ReadAction","target":["https:\/\/www.caret.pro\/cs\/blog\/equipment-matters-understand-about-the-differences-and-create-a-version-for-the-french-market-with-caret\/"]}]},{"@type":"ImageObject","inLanguage":"cs","@id":"https:\/\/www.caret.pro\/cs\/blog\/equipment-matters-understand-about-the-differences-and-create-a-version-for-the-french-market-with-caret\/#primaryimage","url":"https:\/\/www.caret.pro\/wp-content\/uploads\/2023\/10\/Projekt-bez-nazwy-17.png","contentUrl":"https:\/\/www.caret.pro\/wp-content\/uploads\/2023\/10\/Projekt-bez-nazwy-17.png","width":1440,"height":640},{"@type":"BreadcrumbList","@id":"https:\/\/www.caret.pro\/cs\/blog\/equipment-matters-understand-about-the-differences-and-create-a-version-for-the-french-market-with-caret\/#breadcrumb","itemListElement":[{"@type":"ListItem","position":1,"name":"Home","item":"https:\/\/www.caret.pro\/cs\/"},{"@type":"ListItem","position":2,"name":"Na vybaven\u00ed z\u00e1le\u017e\u00ed \u2013 pochopte rozd\u00edly a vytvo\u0159te verzi pro francouzsk\u00fd trh s CARET"}]},{"@type":"WebSite","@id":"https:\/\/www.caret.pro\/cs\/#website","url":"https:\/\/www.caret.pro\/cs\/","name":"Caret.Pro","description":"","potentialAction":[{"@type":"SearchAction","target":{"@type":"EntryPoint","urlTemplate":"https:\/\/www.caret.pro\/cs\/?s={search_term_string}"},"query-input":"required name=search_term_string"}],"inLanguage":"cs"},{"@type":"Person","@id":"https:\/\/www.caret.pro\/cs\/#\/schema\/person\/e2ec542a1d46d5e62a5a4c71a2937897","name":"piotr","image":{"@type":"ImageObject","inLanguage":"cs","@id":"https:\/\/www.caret.pro\/cs\/#\/schema\/person\/image\/","url":"https:\/\/secure.gravatar.com\/avatar\/764715db851c0160919fab6e646b9be0?s=96&d=mm&r=g","contentUrl":"https:\/\/secure.gravatar.com\/avatar\/764715db851c0160919fab6e646b9be0?s=96&d=mm&r=g","caption":"piotr"},"url":"https:\/\/www.caret.pro\/cs\/blog\/author\/piotr\/"}]}},"_links":{"self":[{"href":"https:\/\/www.caret.pro\/cs\/wp-json\/wp\/v2\/posts\/4900"}],"collection":[{"href":"https:\/\/www.caret.pro\/cs\/wp-json\/wp\/v2\/posts"}],"about":[{"href":"https:\/\/www.caret.pro\/cs\/wp-json\/wp\/v2\/types\/post"}],"author":[{"embeddable":true,"href":"https:\/\/www.caret.pro\/cs\/wp-json\/wp\/v2\/users\/1"}],"replies":[{"embeddable":true,"href":"https:\/\/www.caret.pro\/cs\/wp-json\/wp\/v2\/comments?post=4900"}],"version-history":[{"count":1,"href":"https:\/\/www.caret.pro\/cs\/wp-json\/wp\/v2\/posts\/4900\/revisions"}],"predecessor-version":[{"id":4902,"href":"https:\/\/www.caret.pro\/cs\/wp-json\/wp\/v2\/posts\/4900\/revisions\/4902"}],"wp:featuredmedia":[{"embeddable":true,"href":"https:\/\/www.caret.pro\/cs\/wp-json\/wp\/v2\/media\/1589"}],"wp:attachment":[{"href":"https:\/\/www.caret.pro\/cs\/wp-json\/wp\/v2\/media?parent=4900"}],"wp:term":[{"taxonomy":"category","embeddable":true,"href":"https:\/\/www.caret.pro\/cs\/wp-json\/wp\/v2\/categories?post=4900"},{"taxonomy":"post_tag","embeddable":true,"href":"https:\/\/www.caret.pro\/cs\/wp-json\/wp\/v2\/tags?post=4900"}],"curies":[{"name":"wp","href":"https:\/\/api.w.org\/{rel}","templated":true}]}}